{"id":1160,"date":"2025-04-02T11:36:00","date_gmt":"2025-04-02T14:36:00","guid":{"rendered":"https:\/\/ciev.ingenieria.uner.edu.ar\/?p=1160"},"modified":"2025-04-08T16:00:28","modified_gmt":"2025-04-08T19:00:28","slug":"n2-febrero-2025","status":"publish","type":"post","link":"https:\/\/ciev.ingenieria.uner.edu.ar\/index.php\/2025\/04\/02\/n2-febrero-2025\/","title":{"rendered":"ATM-N\u00b01 | Abril 2025"},"content":{"rendered":"\n<div class=\"wp-block-buttons is-layout-flex wp-block-buttons-is-layout-flex\"><\/div>\n\n\n\n\n              <tr>\n                <td height=\"150\" valign=\"top\">\n                  <center><table cellspacing=\"0\" cellpadding=\"10\" width=\"530\" class=\"w290\">\n\n<!--[TITULO SECCI\u00d3N]-->\n\n                    <tbody>\n                      <tr>\n                        <td valign=\"top\" style=\"border-bottom:1px solid #a1a1a1;\">\n                          <table cellspacing=\"0\" cellpadding=\"0\" width=\"100%\">\n                            <tbody>\n                              <tr>\n                                <td style=\"text-align: center;\">\n                                  <h3 style=\" font-family:'Roboto',sans-serif; font-size: 22px; padding:0 ;margin:0; color:#24A6EE;font-weight:500\">Alertas Tecnolog\u00edas M\u00e9dicas<\/h3>\n\n                                  <h3 style=\" font-family:'Roboto',sans-serif; font-size: 12px; padding:0 ;margin:0; color:#24A6EE;font-weight:500\">Sistema de Alertas del CiEV<\/h3>\n                                <\/td>\n                              <\/tr>\n                            <\/tbody>\n                          <\/table>\n                        <\/td>\n                      <\/tr>\n\n<!--[ FIN - SECCI\u00d3N]-->\n\n\n<!--[ Comienzo bloque CONVOCATORIAS]-->\n                        <tr cellspacing=\"0\" cellpadding=\"0\" align=\"center\">\n                        <td style=\"background-color:#24A6EE;display:inline-block;font-family: 'Roboto Condensed', sans-serif;font-weight:bold;font-size:13px;line-height:10px;text-align:center; width:92%;-webkit-text-size-adjust:none;mso-hide:all;border-bottom:1px solid #a1a1a1;\">\n                          <a style=\"color:#ffffff; text-align: center\">CONVOCATORIAS <\/a>\n                        <\/td>\n                      <\/tr>\n\n<!--[ cierre SEPARADOR]-->\n\n                      <tr>\n\n<!--[Inicio bloque NOTICIA]-->\n                      <\/tr>\n\n                      <tr>\n                        <td valign=\"top\" style=\"border-bottom:1px solid #a1a1a1;\">\n                          <table cellspacing=\"0\" cellpadding=\"0\" width=\"100%\"><\/table>\n\n                          <table cellspacing=\"0\" cellpadding=\"0\">\n                            <tbody>\n                              <tr>\n                                <td cellspacing=\"0\" cellpadding=\"0\" width=\"100%\" style=\"background-color:#E0DFDF\">\n                                  <p style=\"font-size: 10pt; font-family: 'Roboto Condensed', sans-serif; line-height: 120%; padding: 5px; text-align: center\"><a style=\"font-size: 10pt; font-family: 'Roboto Condensed', sans-serif; line-height: 120%; font-weight: 600; padding: 5px;\">Convocatoria Y-TEC 2025: Ideas Innovadoras en Nanotecnolog\u00eda para Energ\u00eda, Medio Ambiente y Aplicaciones Industriales<\/a><\/p>\n                                <\/td>\n                              <\/tr>\n                            <\/tbody>\n                          <\/table>\n\n                          <table cellspacing=\"0\" cellpadding=\"0\" width=\"100%\">\n                            <tbody>\n                              <tr>\n                                <td>\n                                  &#160;\n                                <\/td>\n\n                                <td>\n                                  <p style=\"font-size: 10pt; font-family: 'Roboto Condensed', sans-serif; line-height: 120%; font-weight: 300; padding: 0px;\"><strong>Resumen<\/strong><br\/> <a style=\"font-size: 10pt; font-family: 'Roboto Condensed', sans-serif; line-height: 120%; font-weight: 300; padding: 0px;\">La convocatoria al Laboratorio de Ideas Nano tiene como objetivos impulsar la creatividad de la comunidad cient\u00edfica y tecnol\u00f3gica, fomentar la investigaci\u00f3n y la innovaci\u00f3n con enfoque en necesidades locales y desarrollar soluciones escalables con potencial de aplicaci\u00f3n industrial y comercial. La misma est\u00e1 dirigida a integrantes del Sistema Cient\u00edfico Argentino, pymes y startups interesadas en aportar soluciones innovadoras para la industria.\nLos interesados en participar, tendr\u00e1n tiempo de presentar sus ideas, hasta el lunes 7 de abril a las 12 hs., abordando una propuesta en alguna de las siguientes tem\u00e1ticas:\nNanotecnolog\u00eda para la energ\u00eda y medio ambiente con \u00e9nfasis en el sector Oil and Gas \nEste eje tem\u00e1tico se centra en el desarrollo y aplicaci\u00f3n de soluciones  nanotecnol\u00f3gicas que mejoren la eficiencia y sostenibilidad en la industria del petr\u00f3leo y gas. Las innovaciones pueden incluir nanomateriales para la mejora de la extracci\u00f3n y  procesamiento de hidrocarburos, tecnolog\u00edas para la reducci\u00f3n de emisiones y contaminaci\u00f3n. El objetivo es abordar los desaf\u00edos energ\u00e9ticos y ambientales espec\u00edficos de esta industria, promoviendo pr\u00e1cticas m\u00e1s limpias y eficientes.\nAplicaciones de grafeno y materiales 2D \nEste eje explora el potencial del grafeno y otros materiales bidimensionales en diversas aplicaciones industriales. El grafeno, conocido por su excepcional conductividad  el\u00e9ctrica y t\u00e9rmica, as\u00ed como por su resistencia y flexibilidad, puede revolucionar sectores como la electr\u00f3nica, la energ\u00eda, la biomedicina y los materiales compuestos. Las propuestas pueden abarcar desde el desarrollo de dispositivos electr\u00f3nicos m\u00e1s eficientes hasta nuevas soluciones para mejorar las propiedades de diversos productos\nAplicaciones industriales basadas en nanomateriales de carbono\nEste eje se enfoca en el uso de nanomateriales de carbono, como grafeno, nanotubos de carbono, fullerenos, entre otros, en aplicaciones industriales variadas. Estos materiales ofrecen propiedades \u00fanicas que pueden mejorar significativamente el rendimiento de productos y procesos en sectores como el automotriz, lubricantes, construcci\u00f3n, pintura, energ\u00eda, manufactura, entre otros. Las ideas pueden incluir ideas\/desarrollos avanzados, que ya se encuentren en condiciones de ser escalados.<\/a><\/p>\n\n                                  <p style=\"font-size: 10pt; font-family: 'Roboto Condensed', sans-serif; line-height: 120%; font-weight: 300; padding: 0px; margin: 5 0 5 0px;\">Pa\u00eds\/Instituci\u00f3n: YTEC<\/p>\n\n                                  <p style=\"font-size: 10pt; font-family: 'Roboto Condensed', sans-serif; line-height: 120%; font-weight: 300; padding: 0px; margin: 5 0 5 0px;\">Fecha de cierre: 7 de abril de 2025<\/p>\n\n                                  <a href=\"https:\/\/www.fan.org.ar\/noticias\/convocatoria-y-tec-2025-ideas-innovadoras-en-nanotecnologia-para-energia-medio-ambiente-y-aplicaciones-industriales\/\"> \n\n                                  <table cellspacing=\"0\" cellpadding=\"0\" width=\"100%\">\n                                    <tbody>\n                                      <tr>\n                                        <td style=\"background-color:#5ACDF4;display:inline-block;font-family: 'Roboto Condensed', sans-serif;font-weight:bold;font-size:13px;line-height:33px;text-align:center;width:150px;-webkit-text-size-adjust:none;mso-hide:all;\">\n                                          <span style=\"color:#ffffff\">Ver m\u00e1s<\/span>\n                                        <\/td>\n                                      <\/tr>\n                                    <\/tbody>\n                                  <\/table>\n\n                                  <\/a>\n                                <\/td>\n                              <\/tr>\n                            <\/tbody>\n                          <\/table>\n\n\n<!--[ fin Bloque NOTICIA]-->\n                        <\/td>\n<!--[Inicio bloque NOTICIA]-->\n                      <\/tr>\n\n                      <tr>\n                        <td valign=\"top\" style=\"border-bottom:1px solid #a1a1a1;\">\n                          <table cellspacing=\"0\" cellpadding=\"0\" width=\"100%\"><\/table>\n\n                          <table cellspacing=\"0\" cellpadding=\"0\">\n                            <tbody>\n                              <tr>\n                                <td cellspacing=\"0\" cellpadding=\"0\" width=\"100%\" style=\"background-color:#E0DFDF\">\n                                  <p style=\"font-size: 10pt; font-family: 'Roboto Condensed', sans-serif; line-height: 120%; padding: 5px; text-align: center\"><a style=\"font-size: 10pt; font-family: 'Roboto Condensed', sans-serif; line-height: 120%; font-weight: 600; padding: 5px;\">Harvard Health Systems Innovation Lab Hackathon 2025<\/a><\/p>\n                                <\/td>\n                              <\/tr>\n                            <\/tbody>\n                          <\/table>\n\n                          <table cellspacing=\"0\" cellpadding=\"0\" width=\"100%\">\n                            <tbody>\n                              <tr>\n                                <td>\n                                  &#160;\n                                <\/td>\n\n                                <td>\n                                  <p style=\"font-size: 10pt; font-family: 'Roboto Condensed', sans-serif; line-height: 120%; font-weight: 300; padding: 0px;\"><strong>Resumen<\/strong><br\/> <a style=\"font-size: 10pt; font-family: 'Roboto Condensed', sans-serif; line-height: 120%; font-weight: 300; padding: 0px;\">Queremos compartir con toda la comunidad de emprendedores que hemos sido seleccionados por el HSIL de la Escuela de Salud P\u00fablica de Harvard para organizar el hub local en Argentina de este evento global. Bajo el lema \u201cBuilding High-Value Health Systems: Leveraging Artificial Intelligence\u201d, este encuentro nos brinda la oportunidad de impulsar el talento, las ideas y la tecnolog\u00eda para transformar la salud mediante la inteligencia artificial.\nEl evento se realizar\u00e1 el 11 y 12 de abril de 2025 en la Ciudad Aut\u00f3noma de Buenos Aires, y se presenta como una plataforma \u00fanica para conectar a profesionales y expertos en el \u00e1mbito de la tecnolog\u00eda aplicada a la salud. Adem\u00e1s, el equipo ganador tendr\u00e1 el privilegio de acceder a un Programa de Incubaci\u00f3n en Harvard, trabajando codo a codo con especialistas en venture building, y todos los participantes recibir\u00e1n un certificado oficial del HSIL.<\/a><\/p>\n\n                                  <p style=\"font-size: 10pt; font-family: 'Roboto Condensed', sans-serif; line-height: 120%; font-weight: 300; padding: 0px; margin: 5 0 5 0px;\">Pa\u00eds\/Instituci\u00f3n: Harvard<\/p>\n\n                                  <p style=\"font-size: 10pt; font-family: 'Roboto Condensed', sans-serif; line-height: 120%; font-weight: 300; padding: 0px; margin: 5 0 5 0px;\">Fecha de cierre: 11 de abril de 2025<\/p>\n\n                                  <a href=\"https:\/\/airtable.com\/app93QlRb4oZjxKnW\/pagFJFqJW3xFqnRFw\/form\"> \n\n                                  <table cellspacing=\"0\" cellpadding=\"0\" width=\"100%\">\n                                    <tbody>\n                                      <tr>\n                                        <td style=\"background-color:#5ACDF4;display:inline-block;font-family: 'Roboto Condensed', sans-serif;font-weight:bold;font-size:13px;line-height:33px;text-align:center;width:150px;-webkit-text-size-adjust:none;mso-hide:all;\">\n                                          <span style=\"color:#ffffff\">Ver m\u00e1s<\/span>\n                                        <\/td>\n                                      <\/tr>\n                                    <\/tbody>\n                                  <\/table>\n\n                                  <\/a>\n                                <\/td>\n                              <\/tr>\n                            <\/tbody>\n                          <\/table>\n\n\n<!--[ fin Bloque NOTICIA]-->\n                        <\/td>\n<!--[Inicio bloque NOTICIA]-->\n                      <\/tr>\n\n                      <tr>\n                        <td valign=\"top\" style=\"border-bottom:1px solid #a1a1a1;\">\n                          <table cellspacing=\"0\" cellpadding=\"0\" width=\"100%\"><\/table>\n\n                          <table cellspacing=\"0\" cellpadding=\"0\">\n                            <tbody>\n                              <tr>\n                                <td cellspacing=\"0\" cellpadding=\"0\" width=\"100%\" style=\"background-color:#E0DFDF\">\n                                  <p style=\"font-size: 10pt; font-family: 'Roboto Condensed', sans-serif; line-height: 120%; padding: 5px; text-align: center\"><a style=\"font-size: 10pt; font-family: 'Roboto Condensed', sans-serif; line-height: 120%; font-weight: 600; padding: 5px;\">FuturaCamp 2025 \u2013 edici\u00f3n ClimaTech<\/a><\/p>\n                                <\/td>\n                              <\/tr>\n                            <\/tbody>\n                          <\/table>\n\n                          <table cellspacing=\"0\" cellpadding=\"0\" width=\"100%\">\n                            <tbody>\n                              <tr>\n                                <td>\n                                  &#160;\n                                <\/td>\n\n                                <td>\n                                  <p style=\"font-size: 10pt; font-family: 'Roboto Condensed', sans-serif; line-height: 120%; font-weight: 300; padding: 0px;\"><strong>Resumen<\/strong><br\/> <a style=\"font-size: 10pt; font-family: 'Roboto Condensed', sans-serif; line-height: 120%; font-weight: 300; padding: 0px;\">FuturaCamp es una experiencia inmersiva dise\u00f1ada para mujeres y diversidades estudiantes de carreras STEM, donde trabajar\u00e1s en soluciones tecnol\u00f3gicas para mitigar el cambio clim\u00e1tico.\nDurante el evento, los equipos colaborar\u00e1n en desaf\u00edos de innovaci\u00f3n tecnol\u00f3gica, aplicando metodolog\u00edas \u00e1giles y dise\u00f1o de soluciones digitales. Tambi\u00e9n habr\u00e1 charlas inspiradoras, mentor\u00edas con mujeres l\u00edderes del sector y espacios de networking para impulsar el desarrollo personal y profesional de cada participante.<\/a><\/p>\n\n                                  <p style=\"font-size: 10pt; font-family: 'Roboto Condensed', sans-serif; line-height: 120%; font-weight: 300; padding: 0px; margin: 5 0 5 0px;\">Pa\u00eds\/Instituci\u00f3n: UNC<\/p>\n\n                                  <p style=\"font-size: 10pt; font-family: 'Roboto Condensed', sans-serif; line-height: 120%; font-weight: 300; padding: 0px; margin: 5 0 5 0px;\">Fecha de cierre: 26 y 27 de abril de 2025<\/p>\n\n                                  <a href=\"https:\/\/mujeresentecnologia.org\/futuracamp\/\"> \n\n                                  <table cellspacing=\"0\" cellpadding=\"0\" width=\"100%\">\n                                    <tbody>\n                                      <tr>\n                                        <td style=\"background-color:#5ACDF4;display:inline-block;font-family: 'Roboto Condensed', sans-serif;font-weight:bold;font-size:13px;line-height:33px;text-align:center;width:150px;-webkit-text-size-adjust:none;mso-hide:all;\">\n                                          <span style=\"color:#ffffff\">Ver m\u00e1s<\/span>\n                                        <\/td>\n                                      <\/tr>\n                                    <\/tbody>\n                                  <\/table>\n\n                                  <\/a>\n                                <\/td>\n                              <\/tr>\n                            <\/tbody>\n                          <\/table>\n\n\n<!--[ fin Bloque NOTICIA]-->\n                        <\/td>\n<!--[Inicio bloque NOTICIA]-->\n                      <\/tr>\n\n                      <tr>\n                        <td valign=\"top\" style=\"border-bottom:1px solid #a1a1a1;\">\n                          <table cellspacing=\"0\" cellpadding=\"0\" width=\"100%\"><\/table>\n\n                          <table cellspacing=\"0\" cellpadding=\"0\">\n                            <tbody>\n                              <tr>\n                                <td cellspacing=\"0\" cellpadding=\"0\" width=\"100%\" style=\"background-color:#E0DFDF\">\n                                  <p style=\"font-size: 10pt; font-family: 'Roboto Condensed', sans-serif; line-height: 120%; padding: 5px; text-align: center\"><a style=\"font-size: 10pt; font-family: 'Roboto Condensed', sans-serif; line-height: 120%; font-weight: 600; padding: 5px;\">Premio Arcor a la Innovaci\u00f3n<\/a><\/p>\n                                <\/td>\n                              <\/tr>\n                            <\/tbody>\n                          <\/table>\n\n                          <table cellspacing=\"0\" cellpadding=\"0\" width=\"100%\">\n                            <tbody>\n                              <tr>\n                                <td>\n                                  &#160;\n                                <\/td>\n\n                                <td>\n                                  <p style=\"font-size: 10pt; font-family: 'Roboto Condensed', sans-serif; line-height: 120%; font-weight: 300; padding: 0px;\"><strong>Resumen<\/strong><br\/> <a style=\"font-size: 10pt; font-family: 'Roboto Condensed', sans-serif; line-height: 120%; font-weight: 300; padding: 0px;\">Desde Grupo Arcor, junto a la Secretar\u00eda de Innovaci\u00f3n, Ciencia y Tecnolog\u00eda de la Naci\u00f3n y Fundaci\u00f3n Arcor, convocamos a la novena edici\u00f3n del Premio Arcor a la Innovaci\u00f3n.\nEsta iniciativa reconoce a emprendedores, investigadores, PYMES y organizaciones de la sociedad civil con proyectos innovadores para la industria de los alimentos. Las \u00e1reas de inter\u00e9s incluyen tecnolog\u00edas aplicadas a alimentos, agro y packaging.\nEl proyecto ganador recibir\u00e1 un premio de $15.000.000 para llevar a cabo su idea. Adem\u00e1s, todos los participantes que lleguen a la semifinal recibir\u00e1n capacitaciones y mentor\u00edas para fortalecer sus habilidades en la gesti\u00f3n de un emprendimiento.\nAdicionalmente, se otorgar\u00e1 la Menci\u00f3n Especial Fundaci\u00f3n Arcor, valorada en $7.000.000, a aquel proyecto que sea evaluado como el de mayor impacto social, para contribuir a la realizaci\u00f3n de la propuesta.<\/a><\/p>\n\n                                  <p style=\"font-size: 10pt; font-family: 'Roboto Condensed', sans-serif; line-height: 120%; font-weight: 300; padding: 0px; margin: 5 0 5 0px;\">Pa\u00eds\/Instituci\u00f3n: Grupo Arcor<\/p>\n\n                                  <p style=\"font-size: 10pt; font-family: 'Roboto Condensed', sans-serif; line-height: 120%; font-weight: 300; padding: 0px; margin: 5 0 5 0px;\">Fecha de cierre: 21 de abril de 2025<\/p>\n\n                                  <a href=\"https:\/\/www.arcor.com\/ar\/innovacion\"> \n\n                                  <table cellspacing=\"0\" cellpadding=\"0\" width=\"100%\">\n                                    <tbody>\n                                      <tr>\n                                        <td style=\"background-color:#5ACDF4;display:inline-block;font-family: 'Roboto Condensed', sans-serif;font-weight:bold;font-size:13px;line-height:33px;text-align:center;width:150px;-webkit-text-size-adjust:none;mso-hide:all;\">\n\n                                          <span style=\"color:#ffffff\">Ver m\u00e1s<\/span>\n                                        <\/td>\n                                      <\/tr>\n                                    <\/tbody>\n                                  <\/table>\n\n                                  <\/a>\n                                <\/td>\n                              <\/tr>\n                            <\/tbody>\n                          <\/table>\n\n\n<!--[ fin Bloque NOTICIA]-->\n                        <\/td>\n\n<!--[Inicio bloque NOTICIA]-->\n                      <\/tr>\n\n                      <tr>\n                        <td valign=\"top\" style=\"border-bottom:1px solid #a1a1a1;\">\n                          <table cellspacing=\"0\" cellpadding=\"0\" width=\"100%\"><\/table>\n\n                          <table cellspacing=\"0\" cellpadding=\"0\">\n                            <tbody>\n                              <tr>\n                                <td cellspacing=\"0\" cellpadding=\"0\" width=\"100%\" style=\"background-color:#E0DFDF\">\n                                  <p style=\"font-size: 10pt; font-family: 'Roboto Condensed', sans-serif; line-height: 120%; padding: 5px; text-align: center\"><a style=\"font-size: 10pt; font-family: 'Roboto Condensed', sans-serif; line-height: 120%; font-weight: 600; padding: 5px;\">Emprend\u00e9 ConCiencia<\/a><\/p>\n                                <\/td>\n                              <\/tr>\n                            <\/tbody>\n                          <\/table>\n\n                          <table cellspacing=\"0\" cellpadding=\"0\" width=\"100%\">\n                            <tbody>\n                              <tr>\n                                <td>\n                                  &#160;\n                                <\/td>\n\n                                <td>\n                                  <p style=\"font-size: 10pt; font-family: 'Roboto Condensed', sans-serif; line-height: 120%; font-weight: 300; padding: 0px;\"><strong>Resumen<\/strong><br\/> <a style=\"font-size: 10pt; font-family: 'Roboto Condensed', sans-serif; line-height: 120%; font-weight: 300; padding: 0px;\">Emprend\u00e9 ConCiencia es un programa intensivo de acompa\u00f1amiento que tiene como objetivo poner a disposici\u00f3n la experiencia del ecosistema cient\u00edfico-tecnol\u00f3gico de Bariloche para potenciar emprendimientos que utilicen la ciencia y la tecnolog\u00eda como herramienta para la transformaci\u00f3n social.<\/a><\/p>\n\n                                  <p style=\"font-size: 10pt; font-family: 'Roboto Condensed', sans-serif; line-height: 120%; font-weight: 300; padding: 0px; margin: 5 0 5 0px;\">Pa\u00eds\/Instituci\u00f3n: Fundaci\u00f3n INVAP<\/p>\n\n                                  <p style=\"font-size: 10pt; font-family: 'Roboto Condensed', sans-serif; line-height: 120%; font-weight: 300; padding: 0px; margin: 5 0 5 0px;\">Fecha de cierre: 20 de mayo de 2025<\/p>\n\n                                  <a href=\"https:\/\/www.emprendeconciencia.org.ar\/\"> \n\n                                  <table cellspacing=\"0\" cellpadding=\"0\" width=\"100%\">\n                                    <tbody>\n                                      <tr>\n                                        <td style=\"background-color:#5ACDF4;display:inline-block;font-family: 'Roboto Condensed', sans-serif;font-weight:bold;font-size:13px;line-height:33px;text-align:center;width:150px;-webkit-text-size-adjust:none;mso-hide:all;\">\n\n                                          <span style=\"color:#ffffff\">Ver m\u00e1s<\/span>\n                                        <\/td>\n                                      <\/tr>\n                                    <\/tbody>\n                                  <\/table>\n\n                                  <\/a>\n                                <\/td>\n                              <\/tr>\n                            <\/tbody>\n                          <\/table>\n\n\n<!--[ fin Bloque NOTICIA]-->\n                        <\/td>\n<!--[Inicio bloque NOTICIA]-->\n                      <\/tr>\n\n                      <tr>\n                        <td valign=\"top\" style=\"border-bottom:1px solid #a1a1a1;\">\n                          <table cellspacing=\"0\" cellpadding=\"0\" width=\"100%\"><\/table>\n\n                          <table cellspacing=\"0\" cellpadding=\"0\">\n                            <tbody>\n                              <tr>\n                                <td cellspacing=\"0\" cellpadding=\"0\" width=\"100%\" style=\"background-color:#E0DFDF\">\n                                  <p style=\"font-size: 10pt; font-family: 'Roboto Condensed', sans-serif; line-height: 120%; padding: 5px; text-align: center\"><a style=\"font-size: 10pt; font-family: 'Roboto Condensed', sans-serif; line-height: 120%; font-weight: 600; padding: 5px;\">Brazilian Seminars<\/a><\/p>\n                                <\/td>\n                              <\/tr>\n                            <\/tbody>\n                          <\/table>\n\n                          <table cellspacing=\"0\" cellpadding=\"0\" width=\"100%\">\n                            <tbody>\n                              <tr>\n                                <td>\n                                  &#160;\n                                <\/td>\n\n                                <td>\n                                  <p style=\"font-size: 10pt; font-family: 'Roboto Condensed', sans-serif; line-height: 120%; font-weight: 300; padding: 0px;\"><strong>Resumen<\/strong><br\/> <a style=\"font-size: 10pt; font-family: 'Roboto Condensed', sans-serif; line-height: 120%; font-weight: 300; padding: 0px;\">Brazil is one of the 10 largest economies in the world. With more than 200 million inhabitants, it has a domestic market that is steadily growing. It is a country with continental size territory, abundant natural resources and scenic landscapes. Although Brazil has a rich and diverse culture, a fascinating History it also struggles with urgent social challenges.\n\nThe Brazilian Seminars developed by PUC-Rio is an international summer school. It\u2019s an interdisciplinary program meant to give a broad perspective of Brazilian issues which are currently in the global scenario.\n\nIt is aimed at students, scholars, professionals and everyone else who is interested in the opportunity to deepen their knowledge about Brazil.\n\nDo you want to have a closer look at those features and many more? Then come and participate in our Brazilian Seminars Program! Broaden your knowledge while having fun socializing with people from different parts of the world, enjoying a vibrant urban lifestyle, and discovering the natural beauty of Rio.<\/a><\/p>\n\n                                  <p style=\"font-size: 10pt; font-family: 'Roboto Condensed', sans-serif; line-height: 120%; font-weight: 300; padding: 0px; margin: 5 0 5 0px;\">Pa\u00eds\/Instituci\u00f3n: PUC-Rio<\/p>\n\n                                  <p style=\"font-size: 10pt; font-family: 'Roboto Condensed', sans-serif; line-height: 120%; font-weight: 300; padding: 0px; margin: 5 0 5 0px;\">Fecha de cierre: 31 de mayo de 2025<\/p>\n\n                                  <a href=\"https:\/\/www.puc-rio.br\/ensinopesq\/ccci\/incoming\/brazilian_seminars.html\"> \n\n                                  <table cellspacing=\"0\" cellpadding=\"0\" width=\"100%\">\n                                    <tbody>\n                                      <tr>\n                                        <td style=\"background-color:#5ACDF4;display:inline-block;font-family: 'Roboto Condensed', sans-serif;font-weight:bold;font-size:13px;line-height:33px;text-align:center;width:150px;-webkit-text-size-adjust:none;mso-hide:all;\">\n                                          <span style=\"color:#ffffff\">Ver m\u00e1s<\/span>\n                                        <\/td>\n                                      <\/tr>\n                                    <\/tbody>\n                                  <\/table>\n\n                                  <\/a>\n                                <\/td>\n                              <\/tr>\n                            <\/tbody>\n                          <\/table>\n\n\n<!--[ fin Bloque NOTICIA]-->\n                        <\/td>\n\n\n<!--[Inicio bloque NOTICIA]-->\n                      <\/tr>\n\n                      <tr>\n                        <td valign=\"top\" style=\"border-bottom:1px solid #a1a1a1;\">\n                          <table cellspacing=\"0\" cellpadding=\"0\" width=\"100%\"><\/table>\n\n                          <table cellspacing=\"0\" cellpadding=\"0\">\n                            <tbody>\n                              <tr>\n                                <td cellspacing=\"0\" cellpadding=\"0\" width=\"100%\" style=\"background-color:#E0DFDF\">\n                                  <p style=\"font-size: 10pt; font-family: 'Roboto Condensed', sans-serif; line-height: 120%; padding: 5px; text-align: center\"><a style=\"font-size: 10pt; font-family: 'Roboto Condensed', sans-serif; line-height: 120%; font-weight: 600; padding: 5px;\">IB50K 2025<\/a><\/p>\n                                <\/td>\n                              <\/tr>\n                            <\/tbody>\n                          <\/table>\n\n                          <table cellspacing=\"0\" cellpadding=\"0\" width=\"100%\">\n                            <tbody>\n                              <tr>\n                                <td>\n                                  &#160;\n                                <\/td>\n\n                                <td>\n                                  <p style=\"font-size: 10pt; font-family: 'Roboto Condensed', sans-serif; line-height: 120%; font-weight: 300; padding: 0px;\"><strong>Resumen<\/strong><br\/> <a style=\"font-size: 10pt; font-family: 'Roboto Condensed', sans-serif; line-height: 120%; font-weight: 300; padding: 0px;\">El Instituto Balseiro lanz\u00f3 la edici\u00f3n nro.15 del concurso IB50K, certamen que premia planes de negocios de base tecnol\u00f3gica. As\u00ed, convoca a tecnoemprendedores de todo el pa\u00eds que quieran formarse en negocios. Los proyectos que participen del IB50K pueden pertenecer a \u00e1reas tem\u00e1ticas tan variadas como inteligencia artificial, salud, cambio clim\u00e1tico, energ\u00eda, materiales, biotecnolog\u00eda, arte y m\u00fasica, rob\u00f3tica, telecomunicaciones y tecnolog\u00eda de la informaci\u00f3n, entre otras. <\/a><\/p>\n\n                                  <p style=\"font-size: 10pt; font-family: 'Roboto Condensed', sans-serif; line-height: 120%; font-weight: 300; padding: 0px; margin: 5 0 5 0px;\">Pa\u00eds\/Instituci\u00f3n: Instituto Balseiro<\/p>\n\n                                  <p style=\"font-size: 10pt; font-family: 'Roboto Condensed', sans-serif; line-height: 120%; font-weight: 300; padding: 0px; margin: 5 0 5 0px;\">Fecha de cierre de inscripciones: 4 de julio de 2025<\/p>\n\n                                  <a href=\"https:\/\/www.ib.edu.ar\/abrio-la-convocatoria-del-concurso-ib50k-2025\/\"> \n\n                                  <table cellspacing=\"0\" cellpadding=\"0\" width=\"100%\">\n                                    <tbody>\n                                      <tr>\n                                        <td style=\"background-color:#5ACDF4;display:inline-block;font-family: 'Roboto Condensed', sans-serif;font-weight:bold;font-size:13px;line-height:33px;text-align:center;width:150px;-webkit-text-size-adjust:none;mso-hide:all;\">\n                                          <span style=\"color:#ffffff\">Ver m\u00e1s<\/span>\n                                        <\/td>\n                                      <\/tr>\n                                    <\/tbody>\n                                  <\/table>\n\n                                  <\/a>\n                                <\/td>\n                              <\/tr>\n                            <\/tbody>\n                          <\/table>\n\n                        <\/td>\n                      <\/tr>\n\n\n<!--[Comienzo bloque EVENTOS]-->\n                      <tr cellspacing=\"0\" cellpadding=\"0\" align=\"center\">\n                        <td style=\"background-color:#24A6EE;display:inline-block;font-family: 'Roboto Condensed', sans-serif;font-weight:bold;font-size:13px;line-height:10px;text-align:center; width:92%;-webkit-text-size-adjust:none;mso-hide:all;border-bottom:1px solid #a1a1a1;\">\n                          <a style=\"color:#ffffff; text-align: center\">EVENTOS <\/a>\n                        <\/td>\n                      <\/tr>\n\n<!--[ cierre SEPARADOR]-->\n\n                      <tr>\n<!--[Inicio bloque NOTICIA]-->\n                      <\/tr>\n\n                      <tr>\n                        <td valign=\"top\" style=\"border-bottom:1px solid #a1a1a1;\">\n                          <table cellspacing=\"0\" cellpadding=\"0\" width=\"100%\"><\/table>\n\n                          <table cellspacing=\"0\" cellpadding=\"0\">\n                            <tbody>\n                              <tr>\n                                <td cellspacing=\"0\" cellpadding=\"0\" width=\"100%\" style=\"background-color:#E0DFDF\">\n                                  <p style=\"font-size: 10pt; font-family: 'Roboto Condensed', sans-serif; line-height: 120%; padding: 5px; text-align: center\"><a style=\"font-size: 10pt; font-family: 'Roboto Condensed', sans-serif; line-height: 120%; font-weight: 600; padding: 5px;\">Red Federal de Econom\u00eda del Conocimiento: Innovar para Transformar<\/a><\/p>\n                                <\/td>\n                              <\/tr>\n                            <\/tbody>\n                          <\/table>\n\n                          <table cellspacing=\"0\" cellpadding=\"0\" width=\"100%\">\n                            <tbody>\n                              <tr>\n                                <td>\n                                  &#160;\n                                <\/td>\n\n                                <td>\n                                  <p style=\"font-size: 10pt; font-family: 'Roboto Condensed', sans-serif; line-height: 120%; font-weight: 300; padding: 0px;\"><strong>Resumen<\/strong><br\/> <a style=\"font-size: 10pt; font-family: 'Roboto Condensed', sans-serif; line-height: 120%; font-weight: 300; padding: 0px;\">Un encuentro dise\u00f1ado para inspirar, conectar y transformar. Charlas y paneles con referentes del sector. Oportunidades de networking con actores clave. Tendencias y herramientas para potenciar la innovaci\u00f3n. Casos de \u00e9xito y experiencias reales. Espacios de articulaci\u00f3n entre empresas, academia, gobierno y talentos.\n<\/a><\/p>\n\n                                  <p style=\"font-size: 10pt; font-family: 'Roboto Condensed', sans-serif; line-height: 120%; font-weight: 300; padding: 0px; margin: 5 0 5 0px;\">Pa\u00eds\/Instituci\u00f3n: Polo IT Corrientes<\/p>\n\n                                  <p style=\"font-size: 10pt; font-family: 'Roboto Condensed', sans-serif; line-height: 120%; font-weight: 300; padding: 0px; margin: 5 0 5 0px;\">Fecha: 10 de abril de 2025<\/p>\n\n                                  <a href=\"https:\/\/www.eventbrite.com.ar\/e\/red-federal-de-economia-del-conocimiento-innovar-para-transformar-tickets-1264345353989?keep_tld=1\"> \n\n                                  <table cellspacing=\"0\" cellpadding=\"0\" width=\"100%\">\n                                    <tbody>\n                                      <tr>\n                                        <td style=\"background-color:#5ACDF4;display:inline-block;font-family: 'Roboto Condensed', sans-serif;font-weight:bold;font-size:13px;line-height:33px;text-align:center;width:150px;-webkit-text-size-adjust:none;mso-hide:all;\">\n                                          <span style=\"color:#ffffff\">Ver m\u00e1s<\/span>\n                                        <\/td>\n                                      <\/tr>\n                                    <\/tbody>\n                                  <\/table>\n\n                                  <\/a>\n                                <\/td>\n                              <\/tr>\n                            <\/tbody>\n                          <\/table>\n\n\n<!--[ fin Bloque NOTICIA]-->\n                        <\/td>\n\n<!--[Inicio bloque NOTICIA]-->\n                      <\/tr>\n\n                      <tr>\n                        <td valign=\"top\" style=\"border-bottom:1px solid #a1a1a1;\">\n                          <table cellspacing=\"0\" cellpadding=\"0\" width=\"100%\"><\/table>\n\n                          <table cellspacing=\"0\" cellpadding=\"0\">\n                            <tbody>\n                              <tr>\n                                <td cellspacing=\"0\" cellpadding=\"0\" width=\"100%\" style=\"background-color:#E0DFDF\">\n                                  <p style=\"font-size: 10pt; font-family: 'Roboto Condensed', sans-serif; line-height: 120%; padding: 5px; text-align: center\"><a style=\"font-size: 10pt; font-family: 'Roboto Condensed', sans-serif; line-height: 120%; font-weight: 600; padding: 5px;\">Cumbre Chaque\u00f1a de Ciencia, Tecnolog\u00eda e Innovaci\u00f3n 2025<\/a><\/p>\n                                <\/td>\n                              <\/tr>\n                            <\/tbody>\n                          <\/table>\n\n                          <table cellspacing=\"0\" cellpadding=\"0\" width=\"100%\">\n                            <tbody>\n                              <tr>\n                                <td>\n                                  &#160;\n                                <\/td>\n\n                                <td>\n                                  <p style=\"font-size: 10pt; font-family: 'Roboto Condensed', sans-serif; line-height: 120%; font-weight: 300; padding: 0px;\"><strong>Resumen<\/strong><br\/> <a style=\"font-size: 10pt; font-family: 'Roboto Condensed', sans-serif; line-height: 120%; font-weight: 300; padding: 0px;\">En conmemoraci\u00f3n del D\u00eda Mundial de la Ciencia y la Tecnolog\u00eda se celebra en Resistencia la \u201cCumbre Chaque\u00f1a de Ciencia, Tecnolog\u00eda e Innovaci\u00f3n&#8221; este 10 de abril de 2025.\nEste evento tiene por objetivo fomentar la vinculaci\u00f3n entre el trabajo que viene realizando el sistema cient\u00edfico-tecnol\u00f3gico con las empresas y organizaciones de toda la provincia, en pos de incorporar tecnolog\u00eda de punta que permita aumentar la productividad, crear empleo de calidad y mejorar las condiciones de vida de los\/as chaque\u00f1os\/as.\n\nObjetivos:\nConmemorar el D\u00eda Mundial de la Ciencia y la Tecnolog\u00eda.\nVisibilizar logros y avances en Ciencia, Tecnolog\u00eda e Innovaci\u00f3n en la Provincia del Chaco.\nPromover la ciencia y la tecnolog\u00eda como herramientas claves para el desarrollo sostenible.\nFomentar el intercambio entre el sector empresarial, investigadores\/as y el sector gubernamental.<\/a><\/p>\n\n                                  <p style=\"font-size: 10pt; font-family: 'Roboto Condensed', sans-serif; line-height: 120%; font-weight: 300; padding: 0px; margin: 5 0 5 0px;\">Pa\u00eds\/Instituci\u00f3n: Instituto Chaque\u00f1o de Ciencia, Tecnolog\u00eda e Innovaci\u00f3n (ICCTI)<\/p>\n\n                                  <p style=\"font-size: 10pt; font-family: 'Roboto Condensed', sans-serif; line-height: 120%; font-weight: 300; padding: 0px; margin: 5 0 5 0px;\">Fecha: 10 de abril de 2025<\/p>\n\n                                  <a href=\"https:\/\/www.eventbrite.com.ar\/e\/cumbre-chaquena-de-ciencia-tecnologia-e-innovacion-2025-tickets-1270356974909\"> \n\n                                  <table cellspacing=\"0\" cellpadding=\"0\" width=\"100%\">\n                                    <tbody>\n                                      <tr>\n                                        <td style=\"background-color:#5ACDF4;display:inline-block;font-family: 'Roboto Condensed', sans-serif;font-weight:bold;font-size:13px;line-height:33px;text-align:center;width:150px;-webkit-text-size-adjust:none;mso-hide:all;\">\n                                          <span style=\"color:#ffffff\">Ver m\u00e1s<\/span>\n                                        <\/td>\n                                      <\/tr>\n                                    <\/tbody>\n                                  <\/table>\n\n                                  <\/a>\n                                <\/td>\n                              <\/tr>\n                            <\/tbody>\n                          <\/table>\n\n\n<!--[ fin Bloque NOTICIA]-->\n                        <\/td>\n\n<!--[Inicio bloque NOTICIA]-->\n                      <\/tr>\n\n                      <tr>\n                        <td valign=\"top\" style=\"border-bottom:1px solid #a1a1a1;\">\n                          <table cellspacing=\"0\" cellpadding=\"0\" width=\"100%\"><\/table>\n\n                          <table cellspacing=\"0\" cellpadding=\"0\">\n                            <tbody>\n                              <tr>\n                                <td cellspacing=\"0\" cellpadding=\"0\" width=\"100%\" style=\"background-color:#E0DFDF\">\n                                  <p style=\"font-size: 10pt; font-family: 'Roboto Condensed', sans-serif; line-height: 120%; padding: 5px; text-align: center\"><a style=\"font-size: 10pt; font-family: 'Roboto Condensed', sans-serif; line-height: 120%; font-weight: 600; padding: 5px;\">Inteligencia artificial: riesgos y oportunidades<\/a><\/p>\n                                <\/td>\n                              <\/tr>\n                            <\/tbody>\n                          <\/table>\n\n                          <table cellspacing=\"0\" cellpadding=\"0\" width=\"100%\">\n                            <tbody>\n                              <tr>\n                                <td>\n                                  &#160;\n                                <\/td>\n\n                                <td>\n                                  <p style=\"font-size: 10pt; font-family: 'Roboto Condensed', sans-serif; line-height: 120%; font-weight: 300; padding: 0px;\"><strong>Resumen<\/strong><br\/> <a style=\"font-size: 10pt; font-family: 'Roboto Condensed', sans-serif; line-height: 120%; font-weight: 300; padding: 0px;\">Organizan el Foro Ecum\u00e9nico Social y la Universidad de Belgrano, con profesores de esa universidad y de la UBA, investigadores, y directivos de empresas, con expertos de \u00e1reas provenientes de las finanzas, la tecnolog\u00eda, la planificaci\u00f3n, la psicolog\u00eda y la biolog\u00eda.\n\nPueden asistir personalmente y tambi\u00e9n en forma virtual, por Zoom.\n\nIntercambio de conocimientos y resultados de investigaciones para mejorar la recolecci\u00f3n de datos, el an\u00e1lisis y las decisiones que impactar\u00e1n en las organizaciones y en las sociedades.<\/a><\/p>\n\n                                  <p style=\"font-size: 10pt; font-family: 'Roboto Condensed', sans-serif; line-height: 120%; font-weight: 300; padding: 0px; margin: 5 0 5 0px;\">Pa\u00eds\/Instituci\u00f3n: Foro Ecum\u00e9nico Social y la Universidad de Belgrano <\/p>\n\n                                  <p style=\"font-size: 10pt; font-family: 'Roboto Condensed', sans-serif; line-height: 120%; font-weight: 300; padding: 0px; margin: 5 0 5 0px;\">Fecha: 22 de abril de 2025<\/p>\n\n                                  <a href=\"https:\/\/www.eventbrite.com.ar\/e\/inteligencia-artificial-riesgos-y-oportunidades-tickets-1301100650069\"> \n\n                                  <table cellspacing=\"0\" cellpadding=\"0\" width=\"100%\">\n                                    <tbody>\n                                      <tr>\n                                        <td style=\"background-color:#5ACDF4;display:inline-block;font-family: 'Roboto Condensed', sans-serif;font-weight:bold;font-size:13px;line-height:33px;text-align:center;width:150px;-webkit-text-size-adjust:none;mso-hide:all;\">\n                                          <span style=\"color:#ffffff\">Ver m\u00e1s<\/span>\n                                        <\/td>\n                                      <\/tr>\n                                    <\/tbody>\n                                  <\/table>\n\n                                  <\/a>\n                                <\/td>\n                              <\/tr>\n                            <\/tbody>\n                          <\/table>\n\n                        <\/td>\n                      <\/tr>\n<!--[fin bloque NOTICIA]-->\n\n\n<!--[Comienzo bloque CURSOS]-->\n                      <tr cellspacing=\"0\" cellpadding=\"0\" align=\"center\">\n                        <td style=\"background-color:#24A6EE;display:inline-block;font-family: 'Roboto Condensed', sans-serif;font-weight:bold;font-size:13px;line-height:10px;text-align:center; width:92%;-webkit-text-size-adjust:none;mso-hide:all;border-bottom:1px solid #a1a1a1;\">\n                          <a style=\"color:#ffffff; text-align: center\">CURSOS <\/a>\n                        <\/td>\n                      <\/tr>\n\n<!--[ cierre SEPARADOR]-->\n\n                      <tr>\n\n<!--[Inicio bloque NOTICIA]-->\n                      <\/tr>\n\n                      <tr>\n                        <td valign=\"top\" style=\"border-bottom:1px solid #a1a1a1;\">\n                          <table cellspacing=\"0\" cellpadding=\"0\" width=\"100%\"><\/table>\n\n                          <table cellspacing=\"0\" cellpadding=\"0\">\n                            <tbody>\n                              <tr>\n                                <td cellspacing=\"0\" cellpadding=\"0\" width=\"100%\" style=\"background-color:#E0DFDF\">\n                                  <p style=\"font-size: 10pt; font-family: 'Roboto Condensed', sans-serif; line-height: 120%; padding: 5px; text-align: center\"><a style=\"font-size: 10pt; font-family: 'Roboto Condensed', sans-serif; line-height: 120%; font-weight: 600; padding: 5px;\">Introducci\u00f3n a la Metrolog\u00eda: cient\u00edfica, industrial y legal<\/a><\/p>\n                                <\/td>\n                              <\/tr>\n                            <\/tbody>\n                          <\/table>\n\n                          <table cellspacing=\"0\" cellpadding=\"0\" width=\"100%\">\n                            <tbody>\n                              <tr>\n                                <td>\n                                  &#160;\n                                <\/td>\n\n                                <td>\n                                  <p style=\"font-size: 10pt; font-family: 'Roboto Condensed', sans-serif; line-height: 120%; font-weight: 300; padding: 0px;\"><strong>Resumen<\/strong><br\/> <a style=\"font-size: 10pt; font-family: 'Roboto Condensed', sans-serif; line-height: 120%; font-weight: 300; padding: 0px;\">Objetivos\nDesarrollar en los participantes conocimientos generales sobre la Metrolog\u00eda y Buenas Pr\u00e1cticas de Medici\u00f3n<\/a><\/p>\n\n                                  <p style=\"font-size: 10pt; font-family: 'Roboto Condensed', sans-serif; line-height: 120%; font-weight: 300; padding: 0px; margin: 5 0 5 0px;\">Pa\u00eds\/Instituci\u00f3n: INTI<\/p>\n\n                                  <p style=\"font-size: 10pt; font-family: 'Roboto Condensed', sans-serif; line-height: 120%; font-weight: 300; padding: 0px; margin: 5 0 5 0px;\">Fecha:  3 y 4 de abril de 2025<\/p>\n\n                                  <a href=\"https:\/\/www.inti.gob.ar\/capacitaciones\/curso\/1885-introduccion-a-la-metrologia-cientifica-industrial-y-legal\"> \n\n                                  <table cellspacing=\"0\" cellpadding=\"0\" width=\"100%\">\n                                    <tbody>\n                                      <tr>\n                                        <td style=\"background-color:#5ACDF4;display:inline-block;font-family: 'Roboto Condensed', sans-serif;font-weight:bold;font-size:13px;line-height:33px;text-align:center;width:150px;-webkit-text-size-adjust:none;mso-hide:all;\">\n                                          <span style=\"color:#ffffff\">Ver m\u00e1s<\/span>\n                                        <\/td>\n                                      <\/tr>\n                                    <\/tbody>\n                                  <\/table>\n\n                                  <\/a>\n                                <\/td>\n                              <\/tr>\n                            <\/tbody>\n                          <\/table>\n\n\n<!--[ fin Bloque NOTICIA]-->\n                        <\/td>\n\n<!--[Inicio bloque NOTICIA]-->\n                      <\/tr>\n\n                      <tr>\n                        <td valign=\"top\" style=\"border-bottom:1px solid #a1a1a1;\">\n                          <table cellspacing=\"0\" cellpadding=\"0\" width=\"100%\"><\/table>\n\n                          <table cellspacing=\"0\" cellpadding=\"0\">\n                            <tbody>\n                              <tr>\n                                <td cellspacing=\"0\" cellpadding=\"0\" width=\"100%\" style=\"background-color:#E0DFDF\">\n                                  <p style=\"font-size: 10pt; font-family: 'Roboto Condensed', sans-serif; line-height: 120%; padding: 5px; text-align: center\"><a style=\"font-size: 10pt; font-family: 'Roboto Condensed', sans-serif; line-height: 120%; font-weight: 600; padding: 5px;\">C\u00f3mo hacer que tu trabajo tenga m\u00e1s impacto y reconocimiento<\/a><\/p>\n                                <\/td>\n                              <\/tr>\n                            <\/tbody>\n                          <\/table>\n\n                          <table cellspacing=\"0\" cellpadding=\"0\" width=\"100%\">\n                            <tbody>\n                              <tr>\n                                <td>\n                                  &#160;\n                                <\/td>\n\n                                <td>\n                                  <p style=\"font-size: 10pt; font-family: 'Roboto Condensed', sans-serif; line-height: 120%; font-weight: 300; padding: 0px;\"><strong>Resumen<\/strong><br\/> <a style=\"font-size: 10pt; font-family: 'Roboto Condensed', sans-serif; line-height: 120%; font-weight: 300; padding: 0px;\">\u00bfSos investigador\/a y quer\u00e9s que tu trabajo cient\u00edfico tenga m\u00e1s impacto y reconocimiento?\nLa Secretar\u00eda de Innovaci\u00f3n de la UNC organiza el workshop online \u201cC\u00f3mo hacer que tu trabajo tenga m\u00e1s impacto y reconocimiento\u201d, pensado especialmente para investigadores\/as, equipos de ciencia e institutos que buscan comunicar mejor lo que hacen y abrir nuevas oportunidades profesionales\nModalidad virtual\nEn solo 2 horas, vas a trabajar sobre tu identidad profesional, aprender herramientas para mejorar tu visibilidad y practicar formas efectivas de presentar tu investigaci\u00f3n en distintos contextos.\n<\/a><\/p>\n\n                                  <p style=\"font-size: 10pt; font-family: 'Roboto Condensed', sans-serif; line-height: 120%; font-weight: 300; padding: 0px; margin: 5 0 5 0px;\">Pa\u00eds\/Instituci\u00f3n: UNC<\/p>\n\n                                  <p style=\"font-size: 10pt; font-family: 'Roboto Condensed', sans-serif; line-height: 120%; font-weight: 300; padding: 0px; margin: 5 0 5 0px;\">Fecha: 8 de abril de 2025<\/p>\n\n                                  <a href=\"https:\/\/docs.google.com\/forms\/d\/e\/1FAIpQLScAmPAvxsUEqIrZsPXdkPM5NP8eQsujcKVwgxhay89Ps-k34Q\/viewform\"> \n\n                                  <table cellspacing=\"0\" cellpadding=\"0\" width=\"100%\">\n                                    <tbody>\n                                      <tr>\n                                        <td style=\"background-color:#5ACDF4;display:inline-block;font-family: 'Roboto Condensed', sans-serif;font-weight:bold;font-size:13px;line-height:33px;text-align:center;width:150px;-webkit-text-size-adjust:none;mso-hide:all;\">\n                                          <span style=\"color:#ffffff\">Ver m\u00e1s<\/span>\n                                        <\/td>\n                                      <\/tr>\n                                    <\/tbody>\n                                  <\/table>\n\n                                  <\/a>\n                                <\/td>\n                              <\/tr>\n                            <\/tbody>\n                          <\/table>\n\n\n<!--[ fin Bloque NOTICIA]-->\n                        <\/td>\n\n<!--[Inicio bloque NOTICIA]-->\n                      <\/tr>\n\n                      <tr>\n                        <td valign=\"top\" style=\"border-bottom:1px solid #a1a1a1;\">\n                          <table cellspacing=\"0\" cellpadding=\"0\" width=\"100%\"><\/table>\n\n                          <table cellspacing=\"0\" cellpadding=\"0\">\n                            <tbody>\n                              <tr>\n                                <td cellspacing=\"0\" cellpadding=\"0\" width=\"100%\" style=\"background-color:#E0DFDF\">\n                                  <p style=\"font-size: 10pt; font-family: 'Roboto Condensed', sans-serif; line-height: 120%; padding: 5px; text-align: center\"><a style=\"font-size: 10pt; font-family: 'Roboto Condensed', sans-serif; line-height: 120%; font-weight: 600; padding: 5px;\">Aspectos legales de tu empresa. Marcas, patentes y propiedad intelectual<\/a><\/p>\n                                <\/td>\n                              <\/tr>\n                            <\/tbody>\n                          <\/table>\n\n                          <table cellspacing=\"0\" cellpadding=\"0\" width=\"100%\">\n                            <tbody>\n                              <tr>\n                                <td>\n                                  &#160;\n                                <\/td>\n\n                                <td>\n                                  <p style=\"font-size: 10pt; font-family: 'Roboto Condensed', sans-serif; line-height: 120%; font-weight: 300; padding: 0px;\"><strong>Resumen<\/strong><br\/> <a style=\"font-size: 10pt; font-family: 'Roboto Condensed', sans-serif; line-height: 120%; font-weight: 300; padding: 0px;\">Este curso te brinda informaci\u00f3n y herramientas pr\u00e1cticas sobre los aspectos jur\u00eddicos m\u00e1s relevantes para afrontar los desaf\u00edos que se presentan en las relaciones comerciales, profesionales y laborales. Es fundamental contar con una base legal s\u00f3lida para cada etapa de desarrollo y\/o expansi\u00f3n de tu plan de negocios.<\/a><\/p>\n\n                                  <p style=\"font-size: 10pt; font-family: 'Roboto Condensed', sans-serif; line-height: 120%; font-weight: 300; padding: 0px; margin: 5 0 5 0px;\">Pa\u00eds\/Instituci\u00f3n: Empretec<\/p>\n\n                                  <p style=\"font-size: 10pt; font-family: 'Roboto Condensed', sans-serif; line-height: 120%; font-weight: 300; padding: 0px; margin: 5 0 5 0px;\">Fecha: 8 de abril de 2025<\/p>\n\n                                  <a href=\"https:\/\/www.argentina.gob.ar\/economia\/secretaria-de-la-pequena-y-mediana-empresa-emprendedores-y-economia-del-conocimiento-34\"> \n\n                                  <table cellspacing=\"0\" cellpadding=\"0\" width=\"100%\">\n                                    <tbody>\n                                      <tr>\n                                        <td style=\"background-color:#5ACDF4;display:inline-block;font-family: 'Roboto Condensed', sans-serif;font-weight:bold;font-size:13px;line-height:33px;text-align:center;width:150px;-webkit-text-size-adjust:none;mso-hide:all;\">\n                                          <span style=\"color:#ffffff\">Ver m\u00e1s<\/span>\n                                        <\/td>\n                                      <\/tr>\n                                    <\/tbody>\n                                  <\/table>\n\n                                  <\/a>\n                                <\/td>\n                              <\/tr>\n                            <\/tbody>\n                          <\/table>\n\n\n<!--[ fin Bloque NOTICIA]-->\n                        <\/td>\n<!--[Inicio bloque NOTICIA]-->\n                      <\/tr>\n\n                      <tr>\n                        <td valign=\"top\" style=\"border-bottom:1px solid #a1a1a1;\">\n                          <table cellspacing=\"0\" cellpadding=\"0\" width=\"100%\"><\/table>\n\n                          <table cellspacing=\"0\" cellpadding=\"0\">\n                            <tbody>\n                              <tr>\n                                <td cellspacing=\"0\" cellpadding=\"0\" width=\"100%\" style=\"background-color:#E0DFDF\">\n                                  <p style=\"font-size: 10pt; font-family: 'Roboto Condensed', sans-serif; line-height: 120%; padding: 5px; text-align: center\"><a style=\"font-size: 10pt; font-family: 'Roboto Condensed', sans-serif; line-height: 120%; font-weight: 600; padding: 5px;\">Medici\u00f3n de Espesores por Ultrasonido (MEUS)<\/a><\/p>\n                                <\/td>\n                              <\/tr>\n                            <\/tbody>\n                          <\/table>\n\n                          <table cellspacing=\"0\" cellpadding=\"0\" width=\"100%\">\n                            <tbody>\n                              <tr>\n                                <td>\n                                  &#160;\n                                <\/td>\n\n                                <td>\n                                  <p style=\"font-size: 10pt; font-family: 'Roboto Condensed', sans-serif; line-height: 120%; font-weight: 300; padding: 0px;\"><strong>Resumen<\/strong><br\/> <a style=\"font-size: 10pt; font-family: 'Roboto Condensed', sans-serif; line-height: 120%; font-weight: 300; padding: 0px;\">Objetivos:\nCapacitar a los participantes sobre los principios y procedimientos de ensayo para la medici\u00f3n de espesores por ultrasonido con t\u00e9cnicas digitales en pantalla Tipo A o de lectura directa, de acuerdo con la Norma IRAM 710.\n<\/a><\/p>\n\n                                  <p style=\"font-size: 10pt; font-family: 'Roboto Condensed', sans-serif; line-height: 120%; font-weight: 300; padding: 0px; margin: 5 0 5 0px;\">Pa\u00eds\/Instituci\u00f3n: INTI<\/p>\n\n                                  <p style=\"font-size: 10pt; font-family: 'Roboto Condensed', sans-serif; line-height: 120%; font-weight: 300; padding: 0px; margin: 5 0 5 0px;\">Fecha: 9 al 11 de abril de 2025<\/p>\n\n                                  <a href=\"https:\/\/www.inti.gob.ar\/capacitaciones\/curso\/120-medicion-de-espesores-por-ultrasonido-meus\"> \n\n                                  <table cellspacing=\"0\" cellpadding=\"0\" width=\"100%\">\n                                    <tbody>\n                                      <tr>\n                                        <td style=\"background-color:#5ACDF4;display:inline-block;font-family: 'Roboto Condensed', sans-serif;font-weight:bold;font-size:13px;line-height:33px;text-align:center;width:150px;-webkit-text-size-adjust:none;mso-hide:all;\">\n                                          <span style=\"color:#ffffff\">Ver m\u00e1s<\/span>\n                                        <\/td>\n                                      <\/tr>\n                                    <\/tbody>\n                                  <\/table>\n\n                                  <\/a>\n                                <\/td>\n                              <\/tr>\n                            <\/tbody>\n                          <\/table>\n\n\n<!--[ fin Bloque NOTICIA]-->\n                        <\/td>\n\n<!--[Inicio bloque NOTICIA]-->\n                      <\/tr>\n\n                      <tr>\n                        <td valign=\"top\" style=\"border-bottom:1px solid #a1a1a1;\">\n                          <table cellspacing=\"0\" cellpadding=\"0\" width=\"100%\"><\/table>\n\n                          <table cellspacing=\"0\" cellpadding=\"0\">\n                            <tbody>\n                              <tr>\n                                <td cellspacing=\"0\" cellpadding=\"0\" width=\"100%\" style=\"background-color:#E0DFDF\">\n                                  <p style=\"font-size: 10pt; font-family: 'Roboto Condensed', sans-serif; line-height: 120%; padding: 5px; text-align: center\"><a style=\"font-size: 10pt; font-family: 'Roboto Condensed', sans-serif; line-height: 120%; font-weight: 600; padding: 5px;\">Capacitaci\u00f3n Avanzada en Ciencia de Datos e Inteligencia Artificial<\/a><\/p>\n                                <\/td>\n                              <\/tr>\n                            <\/tbody>\n                          <\/table>\n\n                          <table cellspacing=\"0\" cellpadding=\"0\" width=\"100%\">\n                            <tbody>\n                              <tr>\n                                <td>\n                                  &#160;\n                                <\/td>\n\n                                <td>\n                                  <p style=\"font-size: 10pt; font-family: 'Roboto Condensed', sans-serif; line-height: 120%; font-weight: 300; padding: 0px;\"><strong>Resumen<\/strong><br\/> <a style=\"font-size: 10pt; font-family: 'Roboto Condensed', sans-serif; line-height: 120%; font-weight: 300; padding: 0px;\">Implement\u00e1 herramientas de Inteligencia Artificial y Ciencia Datos y conoc\u00e9 las implicaciones de su uso, desde un enfoque \u00e9tico y regulatorio. \nDurante el Curso Introductorio, acceder\u00e1s a contenido sobre An\u00e1lisis de Datos y Aprendizaje Autom\u00e1tico para introducirte en conceptos como Modelos de Regresi\u00f3n y Clasificaci\u00f3n, Visualizaci\u00f3n de Datos y Redes Neuronales, entre otros. Al final de la capacitaci\u00f3n, podr\u00e1s especializarte en herramientas como Procesamiento de Lenguaje Natural, Procesamiento de im\u00e1genes, ML Ops y mucho m\u00e1s.\n<\/a><\/p>\n\n                                  <p style=\"font-size: 10pt; font-family: 'Roboto Condensed', sans-serif; line-height: 120%; font-weight: 300; padding: 0px; margin: 5 0 5 0px;\">Pa\u00eds\/Instituci\u00f3n: Fundaci\u00f3n Sadosky<\/p>\n\n                                  <p style=\"font-size: 10pt; font-family: 'Roboto Condensed', sans-serif; line-height: 120%; font-weight: 300; padding: 0px; margin: 5 0 5 0px;\">Fecha de cierre de inscripciones: 11 de abril de 2025<\/p>\n\n                                  <a href=\"https:\/\/fundacionsadosky.org.ar\/curso-avanzado-de-ciencia-de-datos-e-inteligencia-artificial\/?utm_admin=47213\"> \n\n                                  <table cellspacing=\"0\" cellpadding=\"0\" width=\"100%\">\n                                    <tbody>\n                                      <tr>\n                                        <td style=\"background-color:#5ACDF4;display:inline-block;font-family: 'Roboto Condensed', sans-serif;font-weight:bold;font-size:13px;line-height:33px;text-align:center;width:150px;-webkit-text-size-adjust:none;mso-hide:all;\">\n                                          <span style=\"color:#ffffff\">Ver m\u00e1s<\/span>\n                                        <\/td>\n                                      <\/tr>\n                                    <\/tbody>\n                                  <\/table>\n\n                                  <\/a>\n                                <\/td>\n                              <\/tr>\n                            <\/tbody>\n                          <\/table>\n\n\n<!--[ fin Bloque NOTICIA]--> \n\n<!--[ SEPARADOR TEMA]-->   <!--[ Comienzo bloque WEBINARS]-->\n\n                        <\/td>\n                      <\/tr>\n\n                      <tr cellspacing=\"0\" cellpadding=\"0\" align=\"center\">\n                        <td style=\"background-color:#24A6EE;display:inline-block;font-family: 'Roboto Condensed', sans-serif;font-weight:bold;font-size:13px;line-height:10px;text-align:center; width:92%;-webkit-text-size-adjust:none;mso-hide:all;border-bottom:1px solid #a1a1a1;\">\n<a style=\"color:#ffffff; text-align: center\">WEBINARS <br\/> <\/a> \n                        <\/td>\n                      <\/tr>\n\n<!--[ cierre SEPARADOR]-->\n\n                      <tr>\n\n<!--[Inicio bloque NOTICIA]-->\n                      <\/tr>\n\n                      <tr>\n                        <td valign=\"top\" style=\"border-bottom:1px solid #a1a1a1;\">\n                          <table cellspacing=\"0\" cellpadding=\"0\" width=\"100%\"><\/table>\n\n                          <table cellspacing=\"0\" cellpadding=\"0\">\n                            <tbody>\n                              <tr>\n                                <td cellspacing=\"0\" cellpadding=\"0\" width=\"100%\" style=\"background-color:#E0DFDF\">\n                                  <p style=\"font-size: 10pt; font-family: 'Roboto Condensed', sans-serif; line-height: 120%; padding: 5px; text-align: center\"><a style=\"font-size: 10pt; font-family: 'Roboto Condensed', sans-serif; line-height: 120%; font-weight: 600; padding: 5px;\">AgroTech Talks<\/a><\/p>\n                                <\/td>\n                              <\/tr>\n                            <\/tbody>\n                          <\/table>\n\n                          <table cellspacing=\"0\" cellpadding=\"0\" width=\"100%\">\n                            <tbody>\n                              <tr>\n                                <td>\n                                  &#160;\n                                <\/td>\n\n                                <td>\n                                  <p style=\"font-size: 10pt; font-family: 'Roboto Condensed', sans-serif; line-height: 120%; font-weight: 300; padding: 0px;\"><strong>Resumen<\/strong><br\/> <a style=\"font-size: 10pt; font-family: 'Roboto Condensed', sans-serif; line-height: 120%; font-weight: 300; padding: 0px;\">Cumplimos TRES a\u00f1os y lo festejamos con un ciclo de charlas imperdibles AgroTech Talks, un espacio donde expertos, startups y empresas l\u00edderes comparten estrategias, tendencias y casos de \u00e9xito para impulsar el sector agroalimentario.\nInnovaci\u00f3n Abierta | 10 de abril\nTransferencia Tecnol\u00f3gica | 16 de abril\nStartups de Base Cient\u00edfica y Tecnol\u00f3gica | 24 de abril\nPropiedad Intelectual | 30 de abril<\/a><\/p>\n\n                                  <p style=\"font-size: 10pt; font-family: 'Roboto Condensed', sans-serif; line-height: 120%; font-weight: 300; padding: 0px; margin: 5 0 5 0px;\">Pa\u00eds\/Instituci\u00f3n: Apolo Biotech<\/p>\n\n                                  <p style=\"font-size: 10pt; font-family: 'Roboto Condensed', sans-serif; line-height: 120%; font-weight: 300; padding: 0px; margin: 5 0 5 0px;\">Fecha de cierre: 10 al 30 de abril de 2025<\/p>\n\n                                  <a href=\"https:\/\/docs.google.com\/forms\/d\/1YX-q-oIYijGddYeDo0gtwxr3Q-pzlPes5VerxQf1HMA\/viewform?edit_requested=true\"> \n\n                                  <table cellspacing=\"0\" cellpadding=\"0\" width=\"100%\">\n                                    <tbody>\n                                      <tr>\n                                        <td style=\"background-color:#5ACDF4;display:inline-block;font-family: 'Roboto Condensed', sans-serif;font-weight:bold;font-size:13px;line-height:33px;text-align:center;width:150px;-webkit-text-size-adjust:none;mso-hide:all;\">\n                                          <span style=\"color:#ffffff\">Ver m\u00e1s<\/span>\n                                        <\/td>\n                                      <\/tr>\n                                    <\/tbody>\n                                  <\/table>\n\n                                  <\/a>\n                                <\/td>\n                              <\/tr>\n                            <\/tbody>\n                          <\/table>\n\n\n<!--[ fin Bloque NOTICIA]-->\n                        <\/td>\n\n<!--[Inicio bloque NOTICIA]-->\n                      <\/tr>\n\n                      <tr>\n                        <td valign=\"top\" style=\"border-bottom:1px solid #a1a1a1;\">\n                          <table cellspacing=\"0\" cellpadding=\"0\" width=\"100%\"><\/table>\n\n                          <table cellspacing=\"0\" cellpadding=\"0\">\n                            <tbody>\n                              <tr>\n                                <td cellspacing=\"0\" cellpadding=\"0\" width=\"100%\" style=\"background-color:#E0DFDF\">\n                                  <p style=\"font-size: 10pt; font-family: 'Roboto Condensed', sans-serif; line-height: 120%; padding: 5px; text-align: center\"><a style=\"font-size: 10pt; font-family: 'Roboto Condensed', sans-serif; line-height: 120%; font-weight: 600; padding: 5px;\">HealthTech Investment Conference<\/a><\/p>\n                                <\/td>\n                              <\/tr>\n                            <\/tbody>\n                          <\/table>\n\n                          <table cellspacing=\"0\" cellpadding=\"0\" width=\"100%\">\n                            <tbody>\n                              <tr>\n                                <td>\n                                  &#160;\n                                <\/td>\n\n                                <td>\n                                  <p style=\"font-size: 10pt; font-family: 'Roboto Condensed', sans-serif; line-height: 120%; font-weight: 300; padding: 0px;\"><strong>Resumen<\/strong><br\/> <a style=\"font-size: 10pt; font-family: 'Roboto Condensed', sans-serif; line-height: 120%; font-weight: 300; padding: 0px;\">Are you a Health Tech startup using innovative technologies looking for investment, cross-country expansion and\/or support from consultants to scale up your business? Or are you an investor interested in the Health Tech industry? Or someone simply interested in entrepreneurship? Calling all HealthTech enthusiasts! Innovations in healthcare and wellness span a range of technologies. Traditionally speaking, healthcare data and information have usually been collected and stored neatly for many years now. The digitization of health data and information, known as eHealth, opens the door for applying analytics and informatics techniques to vast amounts of patient and hospital data.\nWith the gradual standardization of data collection systems, innovators have a multitude of options for developing technology-driven health and wellness solutions\n<\/a><\/p>\n\n                                  <p style=\"font-size: 10pt; font-family: 'Roboto Condensed', sans-serif; line-height: 120%; font-weight: 300; padding: 0px; margin: 5 0 5 0px;\">Pa\u00eds\/Instituci\u00f3n: The Startup Club <\/p>\n                                  \n                                  <p style=\"font-size: 10pt; font-family: 'Roboto Condensed', sans-serif; line-height: 120%; font-weight: 300; padding: 0px; margin: 5 0 5 0px;\">Fecha: 24 de abril de 2025<\/p>\n                                  \n\t\t\t\t\t\t\t\t  <a href=\"https:\/\/www.eventbrite.com.ar\/e\/healthtech-investment-conference-tickets-1247199670789?keep_tld=1\"> \n\n                                  <table cellspacing=\"0\" cellpadding=\"0\" width=\"100%\">\n                                    <tbody>\n                                      <tr>\n                                        <td style=\"background-color:#5ACDF4;display:inline-block;font-family: 'Roboto Condensed', sans-serif;font-weight:bold;font-size:13px;line-height:33px;text-align:center;width:150px;-webkit-text-size-adjust:none;mso-hide:all;\">\n                                          <span style=\"color:#ffffff\">Ver m\u00e1s<\/span>\n                                        <\/td>\n                                      <\/tr>\n                                    <\/tbody>\n                                  <\/table>\n\n                                  <\/a>\n                                <\/td>\n                              <\/tr>\n                            <\/tbody>\n                          <\/table>\n\n<!--[ fin Bloque NOTICIA]--> \n\n<!--[ SEPARADOR TEMA]-->   <!--[ Comienzo bloque PUBLICACIONES]-->\n","protected":false},"excerpt":{"rendered":"<p>Alertas Tecnolog\u00edas M\u00e9dicas Sistema de Alertas del CiEV CONVOCATORIAS Convocatoria Y-TEC 2025: Ideas Innovadoras en Nanotecnolog\u00eda para Energ\u00eda, Medio Ambiente y Aplicaciones Industriales &#160; Resumen La convocatoria al Laboratorio de Ideas Nano tiene como objetivos impulsar la creatividad de la comunidad cient\u00edfica y tecnol\u00f3gica, fomentar la investigaci\u00f3n y la innovaci\u00f3n con enfoque en necesidades locales [&hellip;]<\/p>\n","protected":false},"author":3,"featured_media":1202,"comment_status":"closed","ping_status":"open","sticky":false,"template":"elementor_theme","format":"standard","meta":{"site-sidebar-layout":"default","site-content-layout":"","ast-site-content-layout":"default","site-content-style":"default","site-sidebar-style":"default","ast-global-header-display":"","ast-banner-title-visibility":"","ast-main-header-display":"","ast-hfb-above-header-display":"","ast-hfb-below-header-display":"","ast-hfb-mobile-header-display":"","site-post-title":"disabled","ast-breadcrumbs-content":"","ast-featured-img":"","footer-sml-layout":"","theme-transparent-header-meta":"","adv-header-id-meta":"","stick-header-meta":"","header-above-stick-meta":"","header-main-stick-meta":"","header-below-stick-meta":"","astra-migrate-meta-layouts":"set","ast-page-background-enabled":"default","ast-page-background-meta":{"desktop":{"background-color":"var(--ast-global-color-4)","background-image":"","background-repeat":"repeat","background-position":"center center","background-size":"auto","background-attachment":"scroll","background-type":"","background-media":"","overlay-type":"","overlay-color":"","overlay-gradient":""},"tablet":{"background-color":"","background-image":"","background-repeat":"repeat","background-position":"center center","background-size":"auto","background-attachment":"scroll","background-type":"","background-media":"","overlay-type":"","overlay-color":"","overlay-gradient":""},"mobile":{"background-color":"","background-image":"","background-repeat":"repeat","background-position":"center center","background-size":"auto","background-attachment":"scroll","background-type":"","background-media":"","overlay-type":"","overlay-color":"","overlay-gradient":""}},"ast-content-background-meta":{"desktop":{"background-color":"var(--ast-global-color-5)","background-image":"","background-repeat":"repeat","background-position":"center center","background-size":"auto","background-attachment":"scroll","background-type":"","background-media":"","overlay-type":"","overlay-color":"","overlay-gradient":""},"tablet":{"background-color":"var(--ast-global-color-5)","background-image":"","background-repeat":"repeat","background-position":"center center","background-size":"auto","background-attachment":"scroll","background-type":"","background-media":"","overlay-type":"","overlay-color":"","overlay-gradient":""},"mobile":{"background-color":"var(--ast-global-color-5)","background-image":"","background-repeat":"repeat","background-position":"center center","background-size":"auto","background-attachment":"scroll","background-type":"","background-media":"","overlay-type":"","overlay-color":"","overlay-gradient":""}},"footnotes":""},"categories":[20],"tags":[],"class_list":["post-1160","post","type-post","status-publish","format-standard","has-post-thumbnail","hentry","category-tecnologias-medicas"],"rttpg_featured_image_url":{"full":["https:\/\/ciev.ingenieria.uner.edu.ar\/wp-content\/uploads\/2025\/04\/gente-negocios-dandose-mano-saludar-scaled.jpg",2560,1633,false],"landscape":["https:\/\/ciev.ingenieria.uner.edu.ar\/wp-content\/uploads\/2025\/04\/gente-negocios-dandose-mano-saludar-scaled.jpg",2560,1633,false],"portraits":["https:\/\/ciev.ingenieria.uner.edu.ar\/wp-content\/uploads\/2025\/04\/gente-negocios-dandose-mano-saludar-scaled.jpg",2560,1633,false],"thumbnail":["https:\/\/ciev.ingenieria.uner.edu.ar\/wp-content\/uploads\/2025\/04\/gente-negocios-dandose-mano-saludar-150x150.jpg",150,150,true],"medium":["https:\/\/ciev.ingenieria.uner.edu.ar\/wp-content\/uploads\/2025\/04\/gente-negocios-dandose-mano-saludar-300x191.jpg",300,191,true],"large":["https:\/\/ciev.ingenieria.uner.edu.ar\/wp-content\/uploads\/2025\/04\/gente-negocios-dandose-mano-saludar-1024x653.jpg",1024,653,true],"1536x1536":["https:\/\/ciev.ingenieria.uner.edu.ar\/wp-content\/uploads\/2025\/04\/gente-negocios-dandose-mano-saludar-1536x980.jpg",1536,980,true],"2048x2048":["https:\/\/ciev.ingenieria.uner.edu.ar\/wp-content\/uploads\/2025\/04\/gente-negocios-dandose-mano-saludar-2048x1306.jpg",2048,1306,true],"rta_thumb_center_center_583x388":["https:\/\/ciev.ingenieria.uner.edu.ar\/wp-content\/uploads\/2025\/04\/gente-negocios-dandose-mano-saludar-583x388.jpg",583,388,true],"rta_thumb_center_center_1200x450":["https:\/\/ciev.ingenieria.uner.edu.ar\/wp-content\/uploads\/2025\/04\/gente-negocios-dandose-mano-saludar-1200x450.jpg",1200,450,true]},"rttpg_author":{"display_name":"Secretar\u00eda de Extensi\u00f3n FIUNER","author_link":"https:\/\/ciev.ingenieria.uner.edu.ar\/index.php\/author\/extension\/"},"rttpg_comment":0,"rttpg_category":"<a href=\"https:\/\/ciev.ingenieria.uner.edu.ar\/index.php\/category\/tecnologias-medicas\/\" rel=\"category tag\">Tecnolog\u00edas M\u00e9dicas<\/a>","rttpg_excerpt":"Alertas Tecnolog\u00edas M\u00e9dicas Sistema de Alertas del CiEV CONVOCATORIAS Convocatoria Y-TEC 2025: Ideas Innovadoras en Nanotecnolog\u00eda para Energ\u00eda, Medio Ambiente y Aplicaciones Industriales &#160; Resumen La convocatoria al Laboratorio de Ideas Nano tiene como objetivos impulsar la creatividad de la comunidad cient\u00edfica y tecnol\u00f3gica, fomentar la investigaci\u00f3n y la innovaci\u00f3n con enfoque en necesidades locales&hellip;","_links":{"self":[{"href":"https:\/\/ciev.ingenieria.uner.edu.ar\/index.php\/wp-json\/wp\/v2\/posts\/1160","targetHints":{"allow":["GET"]}}],"collection":[{"href":"https:\/\/ciev.ingenieria.uner.edu.ar\/index.php\/wp-json\/wp\/v2\/posts"}],"about":[{"href":"https:\/\/ciev.ingenieria.uner.edu.ar\/index.php\/wp-json\/wp\/v2\/types\/post"}],"author":[{"embeddable":true,"href":"https:\/\/ciev.ingenieria.uner.edu.ar\/index.php\/wp-json\/wp\/v2\/users\/3"}],"replies":[{"embeddable":true,"href":"https:\/\/ciev.ingenieria.uner.edu.ar\/index.php\/wp-json\/wp\/v2\/comments?post=1160"}],"version-history":[{"count":8,"href":"https:\/\/ciev.ingenieria.uner.edu.ar\/index.php\/wp-json\/wp\/v2\/posts\/1160\/revisions"}],"predecessor-version":[{"id":1250,"href":"https:\/\/ciev.ingenieria.uner.edu.ar\/index.php\/wp-json\/wp\/v2\/posts\/1160\/revisions\/1250"}],"wp:featuredmedia":[{"embeddable":true,"href":"https:\/\/ciev.ingenieria.uner.edu.ar\/index.php\/wp-json\/wp\/v2\/media\/1202"}],"wp:attachment":[{"href":"https:\/\/ciev.ingenieria.uner.edu.ar\/index.php\/wp-json\/wp\/v2\/media?parent=1160"}],"wp:term":[{"taxonomy":"category","embeddable":true,"href":"https:\/\/ciev.ingenieria.uner.edu.ar\/index.php\/wp-json\/wp\/v2\/categories?post=1160"},{"taxonomy":"post_tag","embeddable":true,"href":"https:\/\/ciev.ingenieria.uner.edu.ar\/index.php\/wp-json\/wp\/v2\/tags?post=1160"}],"curies":[{"name":"wp","href":"https:\/\/api.w.org\/{rel}","templated":true}]}}