{"id":1165,"date":"2025-02-12T11:49:25","date_gmt":"2025-02-12T14:49:25","guid":{"rendered":"https:\/\/ciev.ingenieria.uner.edu.ar\/?p=1165"},"modified":"2025-04-08T15:57:37","modified_gmt":"2025-04-08T18:57:37","slug":"atm-n2-febrero-2025","status":"publish","type":"post","link":"https:\/\/ciev.ingenieria.uner.edu.ar\/index.php\/2025\/02\/12\/atm-n2-febrero-2025\/","title":{"rendered":"ATM-N\u00b02 | Febrero 2025"},"content":{"rendered":"\n<div class=\"wp-block-buttons is-layout-flex wp-block-buttons-is-layout-flex\"><\/div>\n\n\n\n\n              <tr>\n                <td height=\"150\" valign=\"top\">\n                  <center><table cellspacing=\"0\" cellpadding=\"10\" width=\"530\" class=\"w290\">\n\n<!--[TITULO SECCI\u00d3N]-->\n\n                    <tbody>\n                      <tr>\n                        <td valign=\"top\" style=\"border-bottom:1px solid #a1a1a1;\">\n                          <table cellspacing=\"0\" cellpadding=\"0\" width=\"100%\">\n                            <tbody>\n                              <tr>\n                                <td style=\"text-align: center;\">\n                                  <h3 style=\" font-family:'Roboto',sans-serif; font-size: 22px; padding:0 ;margin:0; color:#24A6EE;font-weight:500\">Alertas Tecnolog\u00edas M\u00e9dicas<\/h3>\n\n                                  <h3 style=\" font-family:'Roboto',sans-serif; font-size: 12px; padding:0 ;margin:0; color:#24A6EE;font-weight:500\">Sistema de Alertas del CiEV<\/h3>\n                                <\/td>\n                              <\/tr>\n                            <\/tbody>\n                          <\/table>\n                        <\/td>\n                      <\/tr>\n\n<!--[ FIN - SECCI\u00d3N]-->\n\n\n<!--[ Comienzo bloque CONVOCATORIAS]-->\n                        <tr cellspacing=\"0\" cellpadding=\"0\" align=\"center\">\n                        <td style=\"background-color:#24A6EE;display:inline-block;font-family: 'Roboto Condensed', sans-serif;font-weight:bold;font-size:13px;line-height:10px;text-align:center; width:92%;-webkit-text-size-adjust:none;mso-hide:all;border-bottom:1px solid #a1a1a1;\">\n                          <a style=\"color:#ffffff; text-align: center\">CONVOCATORIAS <\/a>\n                        <\/td>\n                      <\/tr>\n\n<!--[ cierre SEPARADOR]-->\n\n                      <tr>\n\n<!--[Inicio bloque NOTICIA]-->\n                      <\/tr>\n\n                      <tr>\n                        <td valign=\"top\" style=\"border-bottom:1px solid #a1a1a1;\">\n                          <table cellspacing=\"0\" cellpadding=\"0\" width=\"100%\"><\/table>\n\n                          <table cellspacing=\"0\" cellpadding=\"0\">\n                            <tbody>\n                              <tr>\n                                <td cellspacing=\"0\" cellpadding=\"0\" width=\"100%\" style=\"background-color:#E0DFDF\">\n                                  <p style=\"font-size: 10pt; font-family: 'Roboto Condensed', sans-serif; line-height: 120%; padding: 5px; text-align: center\"><a style=\"font-size: 10pt; font-family: 'Roboto Condensed', sans-serif; line-height: 120%; font-weight: 600; padding: 5px;\">Convocatoria 2024 \u2013 Promociones CIC<\/a><\/p>\n                                <\/td>\n                              <\/tr>\n                            <\/tbody>\n                          <\/table>\n\n                          <table cellspacing=\"0\" cellpadding=\"0\" width=\"100%\">\n                            <tbody>\n                              <tr>\n                                <td>\n                                  &#160;\n                                <\/td>\n\n                                <td>\n                                  <p style=\"font-size: 10pt; font-family: 'Roboto Condensed', sans-serif; line-height: 120%; font-weight: 300; padding: 0px;\"><strong>Resumen<\/strong><br\/> <a style=\"font-size: 10pt; font-family: 'Roboto Condensed', sans-serif; line-height: 120%; font-weight: 300; padding: 0px;\">El CONICET informa el cronograma para la Convocatoria de Promociones de la Carrera del Investigador Cient\u00edfico y Tecnol\u00f3gico (CIC) 2024 para todas las categor\u00edas, incluyendo las solicitudes de promoci\u00f3n a la Categor\u00eda Superior.<\/a><\/p>\n\n                                  <p style=\"font-size: 10pt; font-family: 'Roboto Condensed', sans-serif; line-height: 120%; font-weight: 300; padding: 0px; margin: 5 0 5 0px;\">Pa\u00eds\/Instituci\u00f3n: CONICET<\/p>\n\n                                  <p style=\"font-size: 10pt; font-family: 'Roboto Condensed', sans-serif; line-height: 120%; font-weight: 300; padding: 0px; margin: 5 0 5 0px;\">Fecha de cierre: 17 de febrero de 2025<\/p>\n\n                                  <a href=\"https:\/\/www.conicet.gov.ar\/convocatoria-2024-promociones-cic\/\"> \n\n                                  <table cellspacing=\"0\" cellpadding=\"0\" width=\"100%\">\n                                    <tbody>\n                                      <tr>\n                                        <td style=\"background-color:#5ACDF4;display:inline-block;font-family: 'Roboto Condensed', sans-serif;font-weight:bold;font-size:13px;line-height:33px;text-align:center;width:150px;-webkit-text-size-adjust:none;mso-hide:all;\">\n                                          <span style=\"color:#ffffff\">Ver m\u00e1s<\/span>\n                                        <\/td>\n                                      <\/tr>\n                                    <\/tbody>\n                                  <\/table>\n\n                                  <\/a>\n                                <\/td>\n                              <\/tr>\n                            <\/tbody>\n                          <\/table>\n\n\n<!--[ fin Bloque NOTICIA]-->\n                        <\/td>\n<!--[Inicio bloque NOTICIA]-->\n                      <\/tr>\n\n                      <tr>\n                        <td valign=\"top\" style=\"border-bottom:1px solid #a1a1a1;\">\n                          <table cellspacing=\"0\" cellpadding=\"0\" width=\"100%\"><\/table>\n\n                          <table cellspacing=\"0\" cellpadding=\"0\">\n                            <tbody>\n                              <tr>\n                                <td cellspacing=\"0\" cellpadding=\"0\" width=\"100%\" style=\"background-color:#E0DFDF\">\n                                  <p style=\"font-size: 10pt; font-family: 'Roboto Condensed', sans-serif; line-height: 120%; padding: 5px; text-align: center\"><a style=\"font-size: 10pt; font-family: 'Roboto Condensed', sans-serif; line-height: 120%; font-weight: 600; padding: 5px;\">2\u00b0 Simposio de Estudiantes Hispanohablantes de Bioinform\u00e1tica y Biolog\u00eda Computacional<\/a><\/p>\n                                <\/td>\n                              <\/tr>\n                            <\/tbody>\n                          <\/table>\n\n                          <table cellspacing=\"0\" cellpadding=\"0\" width=\"100%\">\n                            <tbody>\n                              <tr>\n                                <td>\n                                  &#160;\n                                <\/td>\n\n                                <td>\n                                  <p style=\"font-size: 10pt; font-family: 'Roboto Condensed', sans-serif; line-height: 120%; font-weight: 300; padding: 0px;\"><strong>Resumen<\/strong><br\/> <a style=\"font-size: 10pt; font-family: 'Roboto Condensed', sans-serif; line-height: 120%; font-weight: 300; padding: 0px;\">El Simposio tiene como objetivo crear un espacio de encuentro donde el espa\u00f1ol sea el idioma principal, celebrando su diversidad etnoling\u00fc\u00edstica y su poder comunicativo. Se busca fomentar la inclusi\u00f3n, facilitar el acceso directo al conocimiento y promover la participaci\u00f3n activa de estudiantes de todos los niveles, desde la secundaria hasta la universidad, as\u00ed como de investigadores hispanohablantes de todo el mundo.\nEste evento contribuir\u00e1 a la formaci\u00f3n de nuevas redes de contacto y colaboraci\u00f3n acad\u00e9mica, ampliando las oportunidades de transferencia de conocimiento y fortaleciendo las bases del m\u00e9todo cient\u00edfico en sectores sociales diversos. Adem\u00e1s, impulsar\u00e1 el desarrollo de la investigaci\u00f3n en Bioinform\u00e1tica y Biolog\u00eda Computacional a nivel global.\n<\/a><\/p>\n\n                                  <p style=\"font-size: 10pt; font-family: 'Roboto Condensed', sans-serif; line-height: 120%; font-weight: 300; padding: 0px; margin: 5 0 5 0px;\">Pa\u00eds\/Instituci\u00f3n: Comunidad de Bioinform\u00e1ticos Hispanohablantes<\/p>\n\n                                  <p style=\"font-size: 10pt; font-family: 'Roboto Condensed', sans-serif; line-height: 120%; font-weight: 300; padding: 0px; margin: 5 0 5 0px;\">Fecha de cierre: 21 de febrero de 2025<\/p>\n\n                                  <a href=\"https:\/\/seh2bioinfo.netlify.app\/talk\/2seh2bioinfo\/\"> \n\n                                  <table cellspacing=\"0\" cellpadding=\"0\" width=\"100%\">\n                                    <tbody>\n                                      <tr>\n                                        <td style=\"background-color:#5ACDF4;display:inline-block;font-family: 'Roboto Condensed', sans-serif;font-weight:bold;font-size:13px;line-height:33px;text-align:center;width:150px;-webkit-text-size-adjust:none;mso-hide:all;\">\n                                          <span style=\"color:#ffffff\">Ver m\u00e1s<\/span>\n                                        <\/td>\n                                      <\/tr>\n                                    <\/tbody>\n                                  <\/table>\n\n                                  <\/a>\n                                <\/td>\n                              <\/tr>\n                            <\/tbody>\n                          <\/table>\n\n\n<!--[ fin Bloque NOTICIA]-->\n                        <\/td>\n<!--[Inicio bloque NOTICIA]-->\n                      <\/tr>\n\n                      <tr>\n                        <td valign=\"top\" style=\"border-bottom:1px solid #a1a1a1;\">\n                          <table cellspacing=\"0\" cellpadding=\"0\" width=\"100%\"><\/table>\n\n                          <table cellspacing=\"0\" cellpadding=\"0\">\n                            <tbody>\n                              <tr>\n                                <td cellspacing=\"0\" cellpadding=\"0\" width=\"100%\" style=\"background-color:#E0DFDF\">\n                                  <p style=\"font-size: 10pt; font-family: 'Roboto Condensed', sans-serif; line-height: 120%; padding: 5px; text-align: center\"><a style=\"font-size: 10pt; font-family: 'Roboto Condensed', sans-serif; line-height: 120%; font-weight: 600; padding: 5px;\">FIME 2025<\/a><\/p>\n                                <\/td>\n                              <\/tr>\n                            <\/tbody>\n                          <\/table>\n\n                          <table cellspacing=\"0\" cellpadding=\"0\" width=\"100%\">\n                            <tbody>\n                              <tr>\n                                <td>\n                                  &#160;\n                                <\/td>\n\n                                <td>\n                                  <p style=\"font-size: 10pt; font-family: 'Roboto Condensed', sans-serif; line-height: 120%; font-weight: 300; padding: 0px;\"><strong>Resumen<\/strong><br\/> <a style=\"font-size: 10pt; font-family: 'Roboto Condensed', sans-serif; line-height: 120%; font-weight: 300; padding: 0px;\">La Agencia Argentina de Inversiones y Comercio Internacional convoca a empresas argentinas del sector de la salud a participar en la feria FIME 2025, que tendr\u00e1 lugar en la ciudad de Miami (Estados Unidos) del 11 al 13 de junio de 2025.\nFIME es la mayor feria de productos m\u00e9dicos de toda Am\u00e9rica, que re\u00fane en Miami a m\u00e9dicos, a profesionales de la salud y a los principales proveedores de m\u00e1s de 45 pa\u00edses. En esta edici\u00f3n, se prev\u00e9n m\u00e1s de 500 expositores del sector Salud.\nEn esta nueva edici\u00f3n, Argentina contar\u00e1 con un pabell\u00f3n de 36 m2 a disposici\u00f3n de las empresas que deseen exhibir productos y servicios de salud.\nPodr\u00e1s completar el formulario hasta el 28 de febrero para que 10 (diez) empresas se sumen a la delegaci\u00f3n nacional.\n<\/a><\/p>\n\n                                  <p style=\"font-size: 10pt; font-family: 'Roboto Condensed', sans-serif; line-height: 120%; font-weight: 300; padding: 0px; margin: 5 0 5 0px;\">Pa\u00eds\/Instituci\u00f3n: Agencia Argentina de Inversiones y Comercio Internacional<\/p>\n\n                                  <p style=\"font-size: 10pt; font-family: 'Roboto Condensed', sans-serif; line-height: 120%; font-weight: 300; padding: 0px; margin: 5 0 5 0px;\">Fecha de cierre: 28 de febrero de 2025<\/p>\n\n                                  <a href=\"https:\/\/www.inversionycomercio.ar\/calendario\/ferias\/aJeUcJE2xgwcO5hJH98bzmctN1X3Uttp\"> \n\n                                  <table cellspacing=\"0\" cellpadding=\"0\" width=\"100%\">\n                                    <tbody>\n                                      <tr>\n                                        <td style=\"background-color:#5ACDF4;display:inline-block;font-family: 'Roboto Condensed', sans-serif;font-weight:bold;font-size:13px;line-height:33px;text-align:center;width:150px;-webkit-text-size-adjust:none;mso-hide:all;\">\n                                          <span style=\"color:#ffffff\">Ver m\u00e1s<\/span>\n                                        <\/td>\n                                      <\/tr>\n                                    <\/tbody>\n                                  <\/table>\n\n                                  <\/a>\n                                <\/td>\n                              <\/tr>\n                            <\/tbody>\n                          <\/table>\n\n\n<!--[ fin Bloque NOTICIA]-->\n                        <\/td>\n<!--[Inicio bloque NOTICIA]-->\n                      <\/tr>\n\n                      <tr>\n                        <td valign=\"top\" style=\"border-bottom:1px solid #a1a1a1;\">\n                          <table cellspacing=\"0\" cellpadding=\"0\" width=\"100%\"><\/table>\n\n                          <table cellspacing=\"0\" cellpadding=\"0\">\n                            <tbody>\n                              <tr>\n                                <td cellspacing=\"0\" cellpadding=\"0\" width=\"100%\" style=\"background-color:#E0DFDF\">\n                                  <p style=\"font-size: 10pt; font-family: 'Roboto Condensed', sans-serif; line-height: 120%; padding: 5px; text-align: center\"><a style=\"font-size: 10pt; font-family: 'Roboto Condensed', sans-serif; line-height: 120%; font-weight: 600; padding: 5px;\">FIME 2025<\/a><\/p>\n                                <\/td>\n                              <\/tr>\n                            <\/tbody>\n                          <\/table>\n\n                          <table cellspacing=\"0\" cellpadding=\"0\" width=\"100%\">\n                            <tbody>\n                              <tr>\n                                <td>\n                                  &#160;\n                                <\/td>\n\n                                <td>\n                                  <p style=\"font-size: 10pt; font-family: 'Roboto Condensed', sans-serif; line-height: 120%; font-weight: 300; padding: 0px;\"><strong>Resumen<\/strong><br\/> <a style=\"font-size: 10pt; font-family: 'Roboto Condensed', sans-serif; line-height: 120%; font-weight: 300; padding: 0px;\">La Agencia Argentina de Inversiones y Comercio Internacional convoca a empresas argentinas del sector de la salud a participar en la feria FIME 2025, que tendr\u00e1 lugar en la ciudad de Miami (Estados Unidos) del 11 al 13 de junio de 2025.\nFIME es la mayor feria de productos m\u00e9dicos de toda Am\u00e9rica, que re\u00fane en Miami a m\u00e9dicos, a profesionales de la salud y a los principales proveedores de m\u00e1s de 45 pa\u00edses. En esta edici\u00f3n, se prev\u00e9n m\u00e1s de 500 expositores del sector Salud.\nEn esta nueva edici\u00f3n, Argentina contar\u00e1 con un pabell\u00f3n de 36 m2 a disposici\u00f3n de las empresas que deseen exhibir productos y servicios de salud.\nPodr\u00e1s completar el formulario hasta el 28 de febrero para que 10 (diez) empresas se sumen a la delegaci\u00f3n nacional.\n<\/a><\/p>\n\n                                  <p style=\"font-size: 10pt; font-family: 'Roboto Condensed', sans-serif; line-height: 120%; font-weight: 300; padding: 0px; margin: 5 0 5 0px;\">Pa\u00eds\/Instituci\u00f3n: Agencia Argentina de Inversiones y Comercio Internacional<\/p>\n\n                                  <p style=\"font-size: 10pt; font-family: 'Roboto Condensed', sans-serif; line-height: 120%; font-weight: 300; padding: 0px; margin: 5 0 5 0px;\">Fecha de cierre: 28 de febrero de 2025<\/p>\n\n                                  <a href=\"https:\/\/www.inversionycomercio.ar\/calendario\/ferias\/aJeUcJE2xgwcO5hJH98bzmctN1X3Uttp\"> \n\n                                  <table cellspacing=\"0\" cellpadding=\"0\" width=\"100%\">\n                                    <tbody>\n                                      <tr>\n                                        <td style=\"background-color:#5ACDF4;display:inline-block;font-family: 'Roboto Condensed', sans-serif;font-weight:bold;font-size:13px;line-height:33px;text-align:center;width:150px;-webkit-text-size-adjust:none;mso-hide:all;\">\n                                          <span style=\"color:#ffffff\">Ver m\u00e1s<\/span>\n                                        <\/td>\n                                      <\/tr>\n                                    <\/tbody>\n                                  <\/table>\n\n                                  <\/a>\n                                <\/td>\n                              <\/tr>\n                            <\/tbody>\n                          <\/table>\n\n\n<!--[ fin Bloque NOTICIA]-->\n                        <\/td>\n<!--[Inicio bloque NOTICIA]-->\n                      <\/tr>\n\n                      <tr>\n                        <td valign=\"top\" style=\"border-bottom:1px solid #a1a1a1;\">\n                          <table cellspacing=\"0\" cellpadding=\"0\" width=\"100%\"><\/table>\n\n                          <table cellspacing=\"0\" cellpadding=\"0\">\n                            <tbody>\n                              <tr>\n                                <td cellspacing=\"0\" cellpadding=\"0\" width=\"100%\" style=\"background-color:#E0DFDF\">\n                                  <p style=\"font-size: 10pt; font-family: 'Roboto Condensed', sans-serif; line-height: 120%; padding: 5px; text-align: center\"><a style=\"font-size: 10pt; font-family: 'Roboto Condensed', sans-serif; line-height: 120%; font-weight: 600; padding: 5px;\">FIME 2025<\/a><\/p>\n                                <\/td>\n                              <\/tr>\n                            <\/tbody>\n                          <\/table>\n\n                          <table cellspacing=\"0\" cellpadding=\"0\" width=\"100%\">\n                            <tbody>\n                              <tr>\n                                <td>\n                                  &#160;\n                                <\/td>\n\n                                <td>\n                                  <p style=\"font-size: 10pt; font-family: 'Roboto Condensed', sans-serif; line-height: 120%; font-weight: 300; padding: 0px;\"><strong>Resumen<\/strong><br\/> <a style=\"font-size: 10pt; font-family: 'Roboto Condensed', sans-serif; line-height: 120%; font-weight: 300; padding: 0px;\">La Agencia Argentina de Inversiones y Comercio Internacional convoca a empresas argentinas del sector de la salud a participar en la feria FIME 2025, que tendr\u00e1 lugar en la ciudad de Miami (Estados Unidos) del 11 al 13 de junio de 2025.\nFIME es la mayor feria de productos m\u00e9dicos de toda Am\u00e9rica, que re\u00fane en Miami a m\u00e9dicos, a profesionales de la salud y a los principales proveedores de m\u00e1s de 45 pa\u00edses. En esta edici\u00f3n, se prev\u00e9n m\u00e1s de 500 expositores del sector Salud.\nEn esta nueva edici\u00f3n, Argentina contar\u00e1 con un pabell\u00f3n de 36 m2 a disposici\u00f3n de las empresas que deseen exhibir productos y servicios de salud.\nPodr\u00e1s completar el formulario hasta el 28 de febrero para que 10 (diez) empresas se sumen a la delegaci\u00f3n nacional.\n<\/a><\/p>\n\n                                  <p style=\"font-size: 10pt; font-family: 'Roboto Condensed', sans-serif; line-height: 120%; font-weight: 300; padding: 0px; margin: 5 0 5 0px;\">Pa\u00eds\/Instituci\u00f3n: Agencia Argentina de Inversiones y Comercio Internacional<\/p>\n\n                                  <p style=\"font-size: 10pt; font-family: 'Roboto Condensed', sans-serif; line-height: 120%; font-weight: 300; padding: 0px; margin: 5 0 5 0px;\">Fecha de cierre: 28 de febrero de 2025<\/p>\n\n                                  <a href=\"https:\/\/www.inversionycomercio.ar\/calendario\/ferias\/aJeUcJE2xgwcO5hJH98bzmctN1X3Uttp\"> \n\n                                  <table cellspacing=\"0\" cellpadding=\"0\" width=\"100%\">\n                                    <tbody>\n                                      <tr>\n                                        <td style=\"background-color:#5ACDF4;display:inline-block;font-family: 'Roboto Condensed', sans-serif;font-weight:bold;font-size:13px;line-height:33px;text-align:center;width:150px;-webkit-text-size-adjust:none;mso-hide:all;\">\n                                          <span style=\"color:#ffffff\">Ver m\u00e1s<\/span>\n                                        <\/td>\n                                      <\/tr>\n                                    <\/tbody>\n                                  <\/table>\n\n                                  <\/a>\n                                <\/td>\n                              <\/tr>\n                            <\/tbody>\n                          <\/table>\n\n\n<!--[ fin Bloque NOTICIA]-->\n                        <\/td>\n<!--[Inicio bloque NOTICIA]-->\n                      <\/tr>\n\n                      <tr>\n                        <td valign=\"top\" style=\"border-bottom:1px solid #a1a1a1;\">\n                          <table cellspacing=\"0\" cellpadding=\"0\" width=\"100%\"><\/table>\n\n                          <table cellspacing=\"0\" cellpadding=\"0\">\n                            <tbody>\n                              <tr>\n                                <td cellspacing=\"0\" cellpadding=\"0\" width=\"100%\" style=\"background-color:#E0DFDF\">\n                                  <p style=\"font-size: 10pt; font-family: 'Roboto Condensed', sans-serif; line-height: 120%; padding: 5px; text-align: center\"><a style=\"font-size: 10pt; font-family: 'Roboto Condensed', sans-serif; line-height: 120%; font-weight: 600; padding: 5px;\">Convocatoria a LABIC 2025<\/a><\/p>\n                                <\/td>\n                              <\/tr>\n                            <\/tbody>\n                          <\/table>\n\n                          <table cellspacing=\"0\" cellpadding=\"0\" width=\"100%\">\n                            <tbody>\n                              <tr>\n                                <td>\n                                  &#160;\n                                <\/td>\n\n                                <td>\n                                  <p style=\"font-size: 10pt; font-family: 'Roboto Condensed', sans-serif; line-height: 120%; font-weight: 300; padding: 0px;\"><strong>Resumen<\/strong><br\/> <a style=\"font-size: 10pt; font-family: 'Roboto Condensed', sans-serif; line-height: 120%; font-weight: 300; padding: 0px;\">El Programa LABIC 2025, impulsado por la Divisi\u00f3n de Innovaci\u00f3n P\u00fablica y Ciudadana de la Secretar\u00eda General Iberoamericana (SEGIB), invita a instituciones de Iberoam\u00e9rica (nacionales, subnacionales o municipales) a participar en una iniciativa \u00fanica de innovaci\u00f3n ciudadana. El objetivo principal es codise\u00f1ar e implementar un modelo de laboratorio para la producci\u00f3n de soluciones innovadoras junto a la ciudadan\u00eda que aborden desaf\u00edos sociales, econ\u00f3micos y\/o ambientales durante 2025.\nLa convocatoria est\u00e1 dirigida a instituciones de cualquier pa\u00eds Iberoamericano comprometidas con el fortalecimiento de sus capacidades para desarrollar soluciones innovadoras con la participaci\u00f3n activa de la ciudadan\u00eda. Se seleccionar\u00e1 un m\u00e1ximo de 2 (dos) instituciones.<\/a><\/p>\n\n                                  <p style=\"font-size: 10pt; font-family: 'Roboto Condensed', sans-serif; line-height: 120%; font-weight: 300; padding: 0px; margin: 5 0 5 0px;\">Pa\u00eds\/Instituci\u00f3n: Divisi\u00f3n de Innovaci\u00f3n P\u00fablica y Ciudadana (DIPyC) de la  Secretar\u00eda General Iberoamericana (SEGIB)<\/p>\n\n                                  <p style=\"font-size: 10pt; font-family: 'Roboto Condensed', sans-serif; line-height: 120%; font-weight: 300; padding: 0px; margin: 5 0 5 0px;\">Fecha de cierre: 28 de febrero de 2025<\/p>\n\n                                  <a href=\"https:\/\/innovacionciudadana.org\/2024\/12\/09\/convocatoria-a-labic-2025-cloned\/\"> \n\n                                  <table cellspacing=\"0\" cellpadding=\"0\" width=\"100%\">\n                                    <tbody>\n                                      <tr>\n                                        <td style=\"background-color:#5ACDF4;display:inline-block;font-family: 'Roboto Condensed', sans-serif;font-weight:bold;font-size:13px;line-height:33px;text-align:center;width:150px;-webkit-text-size-adjust:none;mso-hide:all;\">\n\n                                          <span style=\"color:#ffffff\">Ver m\u00e1s<\/span>\n                                        <\/td>\n                                      <\/tr>\n                                    <\/tbody>\n                                  <\/table>\n\n                                  <\/a>\n                                <\/td>\n                              <\/tr>\n                            <\/tbody>\n                          <\/table>\n\n\n<!--[ fin Bloque NOTICIA]-->\n                        <\/td>\n\n\n\n<!--[Inicio bloque NOTICIA]-->\n                      <\/tr>\n\n                      <tr>\n                        <td valign=\"top\" style=\"border-bottom:1px solid #a1a1a1;\">\n                          <table cellspacing=\"0\" cellpadding=\"0\" width=\"100%\"><\/table>\n\n                          <table cellspacing=\"0\" cellpadding=\"0\">\n                            <tbody>\n                              <tr>\n                                <td cellspacing=\"0\" cellpadding=\"0\" width=\"100%\" style=\"background-color:#E0DFDF\">\n                                  <p style=\"font-size: 10pt; font-family: 'Roboto Condensed', sans-serif; line-height: 120%; padding: 5px; text-align: center\"><a style=\"font-size: 10pt; font-family: 'Roboto Condensed', sans-serif; line-height: 120%; font-weight: 600; padding: 5px;\">V Congreso Nacional sobre Prote\u00ednas, Sebos y Grasas de origen animal<\/a><\/p>\n                                <\/td>\n                              <\/tr>\n                            <\/tbody>\n                          <\/table>\n\n                          <table cellspacing=\"0\" cellpadding=\"0\" width=\"100%\">\n                            <tbody>\n                              <tr>\n                                <td>\n                                  &#160;\n                                <\/td>\n\n                                <td>\n                                  <p style=\"font-size: 10pt; font-family: 'Roboto Condensed', sans-serif; line-height: 120%; font-weight: 300; padding: 0px;\"><strong>Resumen<\/strong><br\/> <a style=\"font-size: 10pt; font-family: 'Roboto Condensed', sans-serif; line-height: 120%; font-weight: 300; padding: 0px;\">Welcome to the V Congreso Nacional sobre Prote\u00ednas, Sebos y Grasas de origen animal! Join us for an exciting event filled with insightful discussions and networking opportunities. The congress will take place at the Hilton Pilar, offering a comfortable and convenient setting for attendees. Don&#8217;t miss this chance to learn from industry experts and engage in discussions about the latest developments in animal proteins, fats, and oils. We look forward to seeing you there!<\/a><\/p>\n\n                                  <p style=\"font-size: 10pt; font-family: 'Roboto Condensed', sans-serif; line-height: 120%; font-weight: 300; padding: 0px; margin: 5 0 5 0px;\">Pa\u00eds\/Instituci\u00f3n:  Camara de Subproductos Ganaderos de la Bolsa de Comercio de Buenos Aires<\/p>\n\n                                  <p style=\"font-size: 10pt; font-family: 'Roboto Condensed', sans-serif; line-height: 120%; font-weight: 300; padding: 0px; margin: 5 0 5 0px;\">Fecha de cierre: 28 de febrero de 2025<\/p>\n\n                                  <a href=\"https:\/\/www.eventbrite.com.ar\/e\/v-congreso-nacional-sobre-proteinas-sebos-y-grasas-de-origen-animal-tickets-950213222327\"> \n\n                                  <table cellspacing=\"0\" cellpadding=\"0\" width=\"100%\">\n                                    <tbody>\n                                      <tr>\n                                        <td style=\"background-color:#5ACDF4;display:inline-block;font-family: 'Roboto Condensed', sans-serif;font-weight:bold;font-size:13px;line-height:33px;text-align:center;width:150px;-webkit-text-size-adjust:none;mso-hide:all;\">\n\n                                          <span style=\"color:#ffffff\">Ver m\u00e1s<\/span>\n                                        <\/td>\n                                      <\/tr>\n                                    <\/tbody>\n                                  <\/table>\n\n                                  <\/a>\n                                <\/td>\n                              <\/tr>\n                            <\/tbody>\n                          <\/table>\n\n\n<!--[ fin Bloque NOTICIA]-->\n                        <\/td>\n\n<!--[Inicio bloque NOTICIA]-->\n                      <\/tr>\n\n                      <tr>\n                        <td valign=\"top\" style=\"border-bottom:1px solid #a1a1a1;\">\n                          <table cellspacing=\"0\" cellpadding=\"0\" width=\"100%\"><\/table>\n\n                          <table cellspacing=\"0\" cellpadding=\"0\">\n                            <tbody>\n                              <tr>\n                                <td cellspacing=\"0\" cellpadding=\"0\" width=\"100%\" style=\"background-color:#E0DFDF\">\n                                  <p style=\"font-size: 10pt; font-family: 'Roboto Condensed', sans-serif; line-height: 120%; padding: 5px; text-align: center\"><a style=\"font-size: 10pt; font-family: 'Roboto Condensed', sans-serif; line-height: 120%; font-weight: 600; padding: 5px;\">Premios RAICES y LELOIR 2024<\/a><\/p>\n                                <\/td>\n                              <\/tr>\n                            <\/tbody>\n                          <\/table>\n\n                          <table cellspacing=\"0\" cellpadding=\"0\" width=\"100%\">\n                            <tbody>\n                              <tr>\n                                <td>\n                                  &#160;\n                                <\/td>\n\n                                <td>\n                                  <p style=\"font-size: 10pt; font-family: 'Roboto Condensed', sans-serif; line-height: 120%; font-weight: 300; padding: 0px;\"><strong>Resumen<\/strong><br\/> <a style=\"font-size: 10pt; font-family: 'Roboto Condensed', sans-serif; line-height: 120%; font-weight: 300; padding: 0px;\">Los Premios RAICES est\u00e1n destinados a cient\u00edficos, investigadores y tecn\u00f3logos argentinos que residen en el exterior y colaboran activamente con el fortalecimiento del sistema nacional de ciencia, tecnolog\u00eda e innovaci\u00f3n.\nLos Premios LELOIR est\u00e1n destinados a cient\u00edficos, investigadores y tecn\u00f3logos extranjeros, que residan en la Argentina o en el exterior, y que hayan trabajado para el fortalecimiento de las capacidades cient\u00edficas y tecnol\u00f3gicas de Argentina.\n\u00bfQui\u00e9nes podr\u00e1n nominar a los candidatos?\nPodr\u00e1n enviar nominaciones los coordinadores cient\u00edficos y em\u00e9ritos de las Redes de Argentinos Investigadores, Cient\u00edficos y Tecn\u00f3logos en el Exterior (Redes) del Programa RAICES, los Embajadores a cargo de representaciones argentinas en el exterior y las m\u00e1ximas autoridades de las universidades e instituciones que integran el sistema nacional de ciencia.<\/a><\/p>\n\n                                  <p style=\"font-size: 10pt; font-family: 'Roboto Condensed', sans-serif; line-height: 120%; font-weight: 300; padding: 0px; margin: 5 0 5 0px;\">Pa\u00eds\/Instituci\u00f3n: Argentina<\/p>\n\n                                  <p style=\"font-size: 10pt; font-family: 'Roboto Condensed', sans-serif; line-height: 120%; font-weight: 300; padding: 0px; margin: 5 0 5 0px;\">Fecha de cierre: 15 de marzo de 2025<\/p>\n\n                                  <a href=\"https:\/\/www.argentina.gob.ar\/convocatorias-abiertas\/premios-raices-y-leloir-2024\"> \n\n                                  <table cellspacing=\"0\" cellpadding=\"0\" width=\"100%\">\n                                    <tbody>\n                                      <tr>\n                                        <td style=\"background-color:#5ACDF4;display:inline-block;font-family: 'Roboto Condensed', sans-serif;font-weight:bold;font-size:13px;line-height:33px;text-align:center;width:150px;-webkit-text-size-adjust:none;mso-hide:all;\">\n\n                                          <span style=\"color:#ffffff\">Ver m\u00e1s<\/span>\n                                        <\/td>\n                                      <\/tr>\n                                    <\/tbody>\n                                  <\/table>\n\n                                  <\/a>\n                                <\/td>\n                              <\/tr>\n                            <\/tbody>\n                          <\/table>\n\n\n<!--[ fin Bloque NOTICIA]-->\n                        <\/td>\n\n<!--[Inicio bloque NOTICIA]-->\n                      <\/tr>\n\n                      <tr>\n                        <td valign=\"top\" style=\"border-bottom:1px solid #a1a1a1;\">\n                          <table cellspacing=\"0\" cellpadding=\"0\" width=\"100%\"><\/table>\n\n                          <table cellspacing=\"0\" cellpadding=\"0\">\n                            <tbody>\n                              <tr>\n                                <td cellspacing=\"0\" cellpadding=\"0\" width=\"100%\" style=\"background-color:#E0DFDF\">\n                                  <p style=\"font-size: 10pt; font-family: 'Roboto Condensed', sans-serif; line-height: 120%; padding: 5px; text-align: center\"><a style=\"font-size: 10pt; font-family: 'Roboto Condensed', sans-serif; line-height: 120%; font-weight: 600; padding: 5px;\">Argentina Business and Technology Review<\/a><\/p>\n                                <\/td>\n                              <\/tr>\n                            <\/tbody>\n                          <\/table>\n\n                          <table cellspacing=\"0\" cellpadding=\"0\" width=\"100%\">\n                            <tbody>\n                              <tr>\n                                <td>\n                                  &#160;\n                                <\/td>\n\n                                <td>\n                                  <p style=\"font-size: 10pt; font-family: 'Roboto Condensed', sans-serif; line-height: 120%; font-weight: 300; padding: 0px;\"><strong>Resumen<\/strong><br\/> <a style=\"font-size: 10pt; font-family: 'Roboto Condensed', sans-serif; line-height: 120%; font-weight: 300; padding: 0px;\">La Argentina Business and Technology Review, publicaci\u00f3n anual de la Facultad de Ciencias Econ\u00f3micas de la Universidad Adventista del Plata, Argentina, convoca a docentes e investigadores a enviar art\u00edculos de investigaci\u00f3n originales para su pr\u00f3ximo n\u00famero.\nSi bien la convocatoria est\u00e1 abierta todo el a\u00f1o, los art\u00edculos enviados hasta el 22 de julio de 2025 ser\u00e1n evaluados para su consideraci\u00f3n en la edici\u00f3n del a\u00f1o 2026, Volumen 2, n\u00famero 2. \nLas contribuciones podr\u00e1n enviarse al email: revista.abt@uap.edu.ar  y deber\u00e1n adecuarse a las normas editoriales de la revista disponibles en Normas de Autor\nArgentina Business and Technology Review est\u00e1 dedicada a la difusi\u00f3n de investigaciones y an\u00e1lisis en las \u00e1reas de administraci\u00f3n, negocios, tecnolog\u00eda y econom\u00eda. Se publican art\u00edculos en los idiomas espa\u00f1ol, ingl\u00e9s y portugu\u00e9s. Su finalidad es brindar un espacio a investigadores nacionales e internacionales para expresar sus hallazgos y resultados de investigaciones.<\/a><\/p>\n\n                                  <p style=\"font-size: 10pt; font-family: 'Roboto Condensed', sans-serif; line-height: 120%; font-weight: 300; padding: 0px; margin: 5 0 5 0px;\">Pa\u00eds\/Instituci\u00f3n: Argentina Business and Technology Review<\/p>\n\n                                  <p style=\"font-size: 10pt; font-family: 'Roboto Condensed', sans-serif; line-height: 120%; font-weight: 300; padding: 0px; margin: 5 0 5 0px;\">Fecha de cierre: Sin determinar<\/p>\n\n                                  <a href=\"\"> \n\n                                  <table cellspacing=\"0\" cellpadding=\"0\" width=\"100%\">\n                                    <tbody>\n                                      <tr>\n                                        <td style=\"background-color:#5ACDF4;display:inline-block;font-family: 'Roboto Condensed', sans-serif;font-weight:bold;font-size:13px;line-height:33px;text-align:center;width:150px;-webkit-text-size-adjust:none;mso-hide:all;\">\n\n\n                                          <span style=\"color:#ffffff\">Ver m\u00e1s<\/span>\n                                        <\/td>\n                                      <\/tr>\n                                    <\/tbody>\n                                  <\/table>\n\n                                  <\/a>\n                                <\/td>\n                              <\/tr>\n                            <\/tbody>\n                          <\/table>\n\n                        <\/td>\n                      <\/tr>\n<!--[fin bloque NOTICIA]-->\n\n<!--[Comienzo bloque EVENTOS]-->\n                      <tr cellspacing=\"0\" cellpadding=\"0\" align=\"center\">\n                        <td style=\"background-color:#24A6EE;display:inline-block;font-family: 'Roboto Condensed', sans-serif;font-weight:bold;font-size:13px;line-height:10px;text-align:center; width:92%;-webkit-text-size-adjust:none;mso-hide:all;border-bottom:1px solid #a1a1a1;\">\n                          <a style=\"color:#ffffff; text-align: center\">EVENTOS <\/a>\n                        <\/td>\n                      <\/tr>\n\n<!--[ cierre SEPARADOR]-->\n\n                      <tr>\n\n\n<!--[Inicio bloque NOTICIA]-->\n                      <\/tr>\n\n                      <tr>\n                        <td valign=\"top\" style=\"border-bottom:1px solid #a1a1a1;\">\n                          <table cellspacing=\"0\" cellpadding=\"0\" width=\"100%\"><\/table>\n\n                          <table cellspacing=\"0\" cellpadding=\"0\">\n                            <tbody>\n                              <tr>\n                                <td cellspacing=\"0\" cellpadding=\"0\" width=\"100%\" style=\"background-color:#E0DFDF\">\n                                  <p style=\"font-size: 10pt; font-family: 'Roboto Condensed', sans-serif; line-height: 120%; padding: 5px; text-align: center\"><a style=\"font-size: 10pt; font-family: 'Roboto Condensed', sans-serif; line-height: 120%; font-weight: 600; padding: 5px;\">AI Weekend 2025<\/a><\/p>\n                                <\/td>\n                              <\/tr>\n                            <\/tbody>\n                          <\/table>\n\n                          <table cellspacing=\"0\" cellpadding=\"0\" width=\"100%\">\n                            <tbody>\n                              <tr>\n                                <td>\n                                  &#160;\n                                <\/td>\n\n                                <td>\n                                  <p style=\"font-size: 10pt; font-family: 'Roboto Condensed', sans-serif; line-height: 120%; font-weight: 300; padding: 0px;\"><strong>Resumen<\/strong><br\/> <a style=\"font-size: 10pt; font-family: 'Roboto Condensed', sans-serif; line-height: 120%; font-weight: 300; padding: 0px;\">Tres d\u00edas de innovaci\u00f3n, colaboraci\u00f3n y aprendizaje, donde las ideas se transforman en realidad a trav\u00e9s del poder de la IA.\n\u00a1Bienvenidxs a &#8220;AI Weekend&#8221;! Un evento de dos d\u00edas dedicado a todo lo relacionado con la inteligencia artificial. Unite a nosotros en el Espacio Cultural Julio Le Parc para sumergirte en el fascinante mundo de la IA.\nYa seas principiante o experto, hay algo para todos. Desde talleres inspiradores hasta paneles de discusi\u00f3n din\u00e1micos, vas a tener la oportunidad de aprender de l\u00edderes de la industria regional, nacional e internacional y conectar con personas de intereses similares.\nUn Hackat\u00f3n de 50 horas para crear un proyecto de IA, con USD2500 en premios para continuar con la idea seleccionada por el jurado.<\/a><\/p>\n\n                                  <p style=\"font-size: 10pt; font-family: 'Roboto Condensed', sans-serif; line-height: 120%; font-weight: 300; padding: 0px; margin: 5 0 5 0px;\">Pa\u00eds\/Instituci\u00f3n: IConnect<\/p>\n\n                                  <p style=\"font-size: 10pt; font-family: 'Roboto Condensed', sans-serif; line-height: 120%; font-weight: 300; padding: 0px; margin: 5 0 5 0px;\">Fecha: 21 al 23 de febrero de 2025<\/p>\n\n                                  <a href=\"https:\/\/www.eventbrite.com.ar\/e\/ai-weekend-2025-registration-1091302789019?keep_tld=1\"> \n\n                                  <table cellspacing=\"0\" cellpadding=\"0\" width=\"100%\">\n                                    <tbody>\n                                      <tr>\n                                        <td style=\"background-color:#5ACDF4;display:inline-block;font-family: 'Roboto Condensed', sans-serif;font-weight:bold;font-size:13px;line-height:33px;text-align:center;width:150px;-webkit-text-size-adjust:none;mso-hide:all;\">\n                                          <span style=\"color:#ffffff\">Ver m\u00e1s<\/span>\n                                        <\/td>\n                                      <\/tr>\n                                    <\/tbody>\n                                  <\/table>\n\n                                  <\/a>\n                                <\/td>\n                              <\/tr>\n                            <\/tbody>\n                          <\/table>\n\n\n<!--[ fin Bloque NOTICIA]-->\n                        <\/td>\n\n<!--[Inicio bloque NOTICIA]-->\n                      <\/tr>\n\n                      <tr>\n                        <td valign=\"top\" style=\"border-bottom:1px solid #a1a1a1;\">\n                          <table cellspacing=\"0\" cellpadding=\"0\" width=\"100%\"><\/table>\n\n                          <table cellspacing=\"0\" cellpadding=\"0\">\n                            <tbody>\n                              <tr>\n                                <td cellspacing=\"0\" cellpadding=\"0\" width=\"100%\" style=\"background-color:#E0DFDF\">\n                                  <p style=\"font-size: 10pt; font-family: 'Roboto Condensed', sans-serif; line-height: 120%; padding: 5px; text-align: center\"><a style=\"font-size: 10pt; font-family: 'Roboto Condensed', sans-serif; line-height: 120%; font-weight: 600; padding: 5px;\">Scalable versus Productive Technologies<\/a><\/p>\n                                <\/td>\n                              <\/tr>\n                            <\/tbody>\n                          <\/table>\n\n                          <table cellspacing=\"0\" cellpadding=\"0\" width=\"100%\">\n                            <tbody>\n                              <tr>\n                                <td>\n                                  &#160;\n                                <\/td>\n\n                                <td>\n                                  <p style=\"font-size: 10pt; font-family: 'Roboto Condensed', sans-serif; line-height: 120%; font-weight: 300; padding: 0px;\"><strong>Resumen<\/strong><br\/> <a style=\"font-size: 10pt; font-family: 'Roboto Condensed', sans-serif; line-height: 120%; font-weight: 300; padding: 0px;\">Do larger firms have more productive technologies, are their technologies more scalable, or both? We use administrative data on Canadian and US firms to estimate a joint distribution of output elasticities of capital, labor, and intermediate inputs\u2014thus, returns to scale (RTS)\u2014along with total factor productivity (TFP). We find significant heterogeneity in RTS across firms within industries. Furthermore, larger firms operate technologies with higher RTS, whereas the largest firms do not exhibit the highest TFP. Higher RTS for large firms are entirely driven by higher intermediate input elasticities. Descriptively, these align with higher intermediate input revenue shares. We also show that high-RTS firms grow faster, pay higher wages, and are owned by wealthier households. We then incorporate RTS heterogeneity into the workhorse model of endogenous entrepreneurship that matches the observed heterogeneity in TFP and RTS. We find that the efficiency losses from financial frictions are more than twice as large compared to a conventional calibration that attributes all heterogeneity to TFP and assumes a common RTS parameter.<\/a><\/p>\n\n                                  <p style=\"font-size: 10pt; font-family: 'Roboto Condensed', sans-serif; line-height: 120%; font-weight: 300; padding: 0px; margin: 5 0 5 0px;\">Pa\u00eds\/Instituci\u00f3n: BID<\/p>\n\n                                  <p style=\"font-size: 10pt; font-family: 'Roboto Condensed', sans-serif; line-height: 120%; font-weight: 300; padding: 0px; margin: 5 0 5 0px;\">Fecha: 18 de febrero de 2025<\/p>\n\n                                  <a href=\"https:\/\/events.iadb.org\/calendar\/event\/28985?lang=en\"> \n\n                                  <table cellspacing=\"0\" cellpadding=\"0\" width=\"100%\">\n                                    <tbody>\n                                      <tr>\n                                        <td style=\"background-color:#5ACDF4;display:inline-block;font-family: 'Roboto Condensed', sans-serif;font-weight:bold;font-size:13px;line-height:33px;text-align:center;width:150px;-webkit-text-size-adjust:none;mso-hide:all;\">\n                                          <span style=\"color:#ffffff\">Ver m\u00e1s<\/span>\n                                        <\/td>\n                                      <\/tr>\n                                    <\/tbody>\n                                  <\/table>\n\n                                  <\/a>\n                                <\/td>\n                              <\/tr>\n                            <\/tbody>\n                          <\/table>\n\n                        <\/td>\n                      <\/tr>\n<!--[fin bloque NOTICIA]-->\n\n\n\n\n\n\n<!--[Comienzo bloque CURSOS]-->\n                      <tr cellspacing=\"0\" cellpadding=\"0\" align=\"center\">\n                        <td style=\"background-color:#24A6EE;display:inline-block;font-family: 'Roboto Condensed', sans-serif;font-weight:bold;font-size:13px;line-height:10px;text-align:center; width:92%;-webkit-text-size-adjust:none;mso-hide:all;border-bottom:1px solid #a1a1a1;\">\n                          <a style=\"color:#ffffff; text-align: center\">CURSOS <\/a>\n                        <\/td>\n                      <\/tr>\n\n<!--[ cierre SEPARADOR]-->\n\n                      <tr>\n<!--[Inicio bloque NOTICIA]-->\n                      <\/tr>\n\n                      <tr>\n                        <td valign=\"top\" style=\"border-bottom:1px solid #a1a1a1;\">\n                          <table cellspacing=\"0\" cellpadding=\"0\" width=\"100%\"><\/table>\n\n                          <table cellspacing=\"0\" cellpadding=\"0\">\n                            <tbody>\n                              <tr>\n                                <td cellspacing=\"0\" cellpadding=\"0\" width=\"100%\" style=\"background-color:#E0DFDF\">\n                                  <p style=\"font-size: 10pt; font-family: 'Roboto Condensed', sans-serif; line-height: 120%; padding: 5px; text-align: center\"><a style=\"font-size: 10pt; font-family: 'Roboto Condensed', sans-serif; line-height: 120%; font-weight: 600; padding: 5px;\">Conferencia de Metrolog\u00eda para la Transformaci\u00f3n Digital<\/a><\/p>\n                                <\/td>\n                              <\/tr>\n                            <\/tbody>\n                          <\/table>\n\n                          <table cellspacing=\"0\" cellpadding=\"0\" width=\"100%\">\n                            <tbody>\n                              <tr>\n                                <td>\n                                  &#160;\n                                <\/td>\n\n                                <td>\n                                  <p style=\"font-size: 10pt; font-family: 'Roboto Condensed', sans-serif; line-height: 120%; font-weight: 300; padding: 0px;\"><strong>Resumen<\/strong><br\/> <a style=\"font-size: 10pt; font-family: 'Roboto Condensed', sans-serif; line-height: 120%; font-weight: 300; padding: 0px;\">\u00bfQuer\u00e9s conocer los \u00faltimos avances de la transformaci\u00f3n digital?\nTe invitamos a la conferencia internacional \u201cMetrolog\u00eda para la Transformaci\u00f3n Digital\u201d que realizaremos el 14 de febrero, en la sede Parque Tecnol\u00f3gico Miguelete del INTI en Buenos Aires.\nDurante el encuentro, disertar\u00e1n especialistas en Internet de las Cosas, nube metrol\u00f3gica e inteligencia artificial. Tambi\u00e9n se debatir\u00e1 sobre los cambios y desaf\u00edos de la tem\u00e1tica, en relaci\u00f3n con los servicios, usos, aplicaciones y a su implementaci\u00f3n entre los diferentes actores. \nLa conferencia es una iniciativa conjunta del INTI y el Sistema Interamericano de Metrolog\u00eda (SIM). Es una actividad orientada a quienes trabajan en Institutos Nacionales de Metrolog\u00eda, laboratorios de calibraci\u00f3n y en la industria. Es abierta y permitir\u00e1 la participaci\u00f3n tanto presencial como virtual.<\/a><\/p>\n\n                                  <p style=\"font-size: 10pt; font-family: 'Roboto Condensed', sans-serif; line-height: 120%; font-weight: 300; padding: 0px; margin: 5 0 5 0px;\">Pa\u00eds\/Instituci\u00f3n: INTI<\/p>\n\n                                  <p style=\"font-size: 10pt; font-family: 'Roboto Condensed', sans-serif; line-height: 120%; font-weight: 300; padding: 0px; margin: 5 0 5 0px;\">Fecha: 14 de febrero de 2025<\/p>\n\n                                  <a href=\"https:\/\/acortar.link\/s9Lcvd\"> \n\n                                  <table cellspacing=\"0\" cellpadding=\"0\" width=\"100%\">\n                                    <tbody>\n                                      <tr>\n                                        <td style=\"background-color:#5ACDF4;display:inline-block;font-family: 'Roboto Condensed', sans-serif;font-weight:bold;font-size:13px;line-height:33px;text-align:center;width:150px;-webkit-text-size-adjust:none;mso-hide:all;\">\n                                          <span style=\"color:#ffffff\">Ver m\u00e1s<\/span>\n                                        <\/td>\n                                      <\/tr>\n                                    <\/tbody>\n                                  <\/table>\n\n                                  <\/a>\n                                <\/td>\n                              <\/tr>\n                            <\/tbody>\n                          <\/table>\n\n\n<!--[ fin Bloque NOTICIA]-->\n                        <\/td>\n<!--[Inicio bloque NOTICIA]-->\n                      <\/tr>\n\n                      <tr>\n                        <td valign=\"top\" style=\"border-bottom:1px solid #a1a1a1;\">\n                          <table cellspacing=\"0\" cellpadding=\"0\" width=\"100%\"><\/table>\n\n                          <table cellspacing=\"0\" cellpadding=\"0\">\n                            <tbody>\n                              <tr>\n                                <td cellspacing=\"0\" cellpadding=\"0\" width=\"100%\" style=\"background-color:#E0DFDF\">\n                                  <p style=\"font-size: 10pt; font-family: 'Roboto Condensed', sans-serif; line-height: 120%; padding: 5px; text-align: center\"><a style=\"font-size: 10pt; font-family: 'Roboto Condensed', sans-serif; line-height: 120%; font-weight: 600; padding: 5px;\">Taller sobre la calidad de las publicaciones cient\u00edficas<\/a><\/p>\n                                <\/td>\n                              <\/tr>\n                            <\/tbody>\n                          <\/table>\n\n                          <table cellspacing=\"0\" cellpadding=\"0\" width=\"100%\">\n                            <tbody>\n                              <tr>\n                                <td>\n                                  &#160;\n                                <\/td>\n\n                                <td>\n                                  <p style=\"font-size: 10pt; font-family: 'Roboto Condensed', sans-serif; line-height: 120%; font-weight: 300; padding: 0px;\"><strong>Resumen<\/strong><br\/> <a style=\"font-size: 10pt; font-family: 'Roboto Condensed', sans-serif; line-height: 120%; font-weight: 300; padding: 0px;\">La UNL invita al Taller &#8220;M\u00e9tricas, fuentes y dimensiones para evidenciar el valor de la calidad de las publicaciones cient\u00edficas&#8221;. Estar\u00e1 a cargo de profesionales de la Universidad Complutense de Madrid.\nLa actividad se realizar\u00e1 el d\u00eda martes 18 de febrero a las 9 hs en la sala del Consejo Directivo de la Facultad de Ciencias Jur\u00eddicas y Sociales de la UNL, y tiene como principales destinatarios a personal de gesti\u00f3n de las \u00e1reas de investigaci\u00f3n, docentes investigadores y becarios de las diferentes unidades acad\u00e9micas y Unidades de Doble Dependencia UNL\/CONICET, como as\u00ed tambi\u00e9n a gestores y editores de revistas cient\u00edficas. Estar\u00e1 a cargo de la Dra. Yolanda Fuentes Pe\u00f1aranda y el Dr. David Carabantes Alarc\u00f3n, ambos de la Universidad Complutense de Madrid, Espa\u00f1a.\nEl taller tiene como objetivos analizar m\u00e9tricas tradicionales -indicadores de impacto- y m\u00e9tricas alternativas -altmetrics- de impacto de revistas cient\u00edficas, conocer y aplicar diversas m\u00e9tricas cient\u00edficas para evaluar publicaciones acad\u00e9micas, identificar fuentes de datos relevantes para la evaluaci\u00f3n cient\u00edfica e intercambiar con los presentes sobre el impacto de las m\u00e9tricas en la evaluaci\u00f3n de las actividades de investigaci\u00f3n.<\/a><\/p>\n\n                                  <p style=\"font-size: 10pt; font-family: 'Roboto Condensed', sans-serif; line-height: 120%; font-weight: 300; padding: 0px; margin: 5 0 5 0px;\">Pa\u00eds\/Instituci\u00f3n: UNL<\/p>\n\n                                  <p style=\"font-size: 10pt; font-family: 'Roboto Condensed', sans-serif; line-height: 120%; font-weight: 300; padding: 0px; margin: 5 0 5 0px;\">Fecha: 18 de febrero de 2025<\/p>\n\n                                  <a href=\"https:\/\/acortar.link\/iZFnlV\"> \n\n                                  <table cellspacing=\"0\" cellpadding=\"0\" width=\"100%\">\n                                    <tbody>\n                                      <tr>\n                                        <td style=\"background-color:#5ACDF4;display:inline-block;font-family: 'Roboto Condensed', sans-serif;font-weight:bold;font-size:13px;line-height:33px;text-align:center;width:150px;-webkit-text-size-adjust:none;mso-hide:all;\">\n                                          <span style=\"color:#ffffff\">Ver m\u00e1s<\/span>\n                                        <\/td>\n                                      <\/tr>\n                                    <\/tbody>\n                                  <\/table>\n\n                                  <\/a>\n                                <\/td>\n                              <\/tr>\n                            <\/tbody>\n                          <\/table>\n\n\n<!--[ fin Bloque NOTICIA]-->\n                        <\/td>\n\n<!--[Inicio bloque NOTICIA]-->\n                      <\/tr>\n\n                      <tr>\n                        <td valign=\"top\" style=\"border-bottom:1px solid #a1a1a1;\">\n                          <table cellspacing=\"0\" cellpadding=\"0\" width=\"100%\"><\/table>\n\n                          <table cellspacing=\"0\" cellpadding=\"0\">\n                            <tbody>\n                              <tr>\n                                <td cellspacing=\"0\" cellpadding=\"0\" width=\"100%\" style=\"background-color:#E0DFDF\">\n                                  <p style=\"font-size: 10pt; font-family: 'Roboto Condensed', sans-serif; line-height: 120%; padding: 5px; text-align: center\"><a style=\"font-size: 10pt; font-family: 'Roboto Condensed', sans-serif; line-height: 120%; font-weight: 600; padding: 5px;\">Registro de Productos m\u00e9dicos: Implementaci\u00f3n Disposici\u00f3n ANMAT 64\/25<\/a><\/p>\n                                <\/td>\n                              <\/tr>\n                            <\/tbody>\n                          <\/table>\n\n                          <table cellspacing=\"0\" cellpadding=\"0\" width=\"100%\">\n                            <tbody>\n                              <tr>\n                                <td>\n                                  &#160;\n                                <\/td>\n\n                                <td>\n                                  <p style=\"font-size: 10pt; font-family: 'Roboto Condensed', sans-serif; line-height: 120%; font-weight: 300; padding: 0px;\"><strong>Resumen<\/strong><br\/> <a style=\"font-size: 10pt; font-family: 'Roboto Condensed', sans-serif; line-height: 120%; font-weight: 300; padding: 0px;\">ANMAT informa a todas aquellas personas interesadas que se dictar\u00e1 una capacitaci\u00f3n denominada \u201cRegistro de Productos m\u00e9dicos: Implementaci\u00f3n Disposici\u00f3n ANMAT 64\/25&#8243;\u201d.\nEsta capacitaci\u00f3n se repetir\u00e1 en dos jornadas virtuales, en modalidad &#8220;taller&#8221;, los d\u00edas 18 y 20 de febrero de 2025 a partir de las 10 hs. Est\u00e1 destinada a Directores T\u00e9cnicos y\/o Co-Directores T\u00e9cnicos o Responsables de Calidad de empresas fabricantes, importadoras y distribuidoras de productos m\u00e9dicos.<\/a><\/p>\n\n                                  <p style=\"font-size: 10pt; font-family: 'Roboto Condensed', sans-serif; line-height: 120%; font-weight: 300; padding: 0px; margin: 5 0 5 0px;\">Pa\u00eds\/Instituci\u00f3n: ANMAT<\/p>\n\n                                  <p style=\"font-size: 10pt; font-family: 'Roboto Condensed', sans-serif; line-height: 120%; font-weight: 300; padding: 0px; margin: 5 0 5 0px;\">Fecha de cierre: 18 y 20 de febrero de 2025<\/p>\n\n                                  <a href=\"https:\/\/www.argentina.gob.ar\/noticias\/nueva-capacitacion-registro-de-productos-medicos-implementacion-disposicion-anmat-6425-0\"> \n\n                                  <table cellspacing=\"0\" cellpadding=\"0\" width=\"100%\">\n                                    <tbody>\n                                      <tr>\n                                        <td style=\"background-color:#5ACDF4;display:inline-block;font-family: 'Roboto Condensed', sans-serif;font-weight:bold;font-size:13px;line-height:33px;text-align:center;width:150px;-webkit-text-size-adjust:none;mso-hide:all;\">\n                                          <span style=\"color:#ffffff\">Ver m\u00e1s<\/span>\n                                        <\/td>\n                                      <\/tr>\n                                    <\/tbody>\n                                  <\/table>\n\n                                  <\/a>\n                                <\/td>\n                              <\/tr>\n                            <\/tbody>\n                          <\/table>\n\n\n<!--[ fin Bloque NOTICIA]-->\n                        <\/td>\n\n<!--[Inicio bloque NOTICIA]-->\n                      <\/tr>\n\n                      <tr>\n                        <td valign=\"top\" style=\"border-bottom:1px solid #a1a1a1;\">\n                          <table cellspacing=\"0\" cellpadding=\"0\" width=\"100%\"><\/table>\n\n                          <table cellspacing=\"0\" cellpadding=\"0\">\n                            <tbody>\n                              <tr>\n                                <td cellspacing=\"0\" cellpadding=\"0\" width=\"100%\" style=\"background-color:#E0DFDF\">\n                                  <p style=\"font-size: 10pt; font-family: 'Roboto Condensed', sans-serif; line-height: 120%; padding: 5px; text-align: center\"><a style=\"font-size: 10pt; font-family: 'Roboto Condensed', sans-serif; line-height: 120%; font-weight: 600; padding: 5px;\">Introducci\u00f3n a las evaluaciones de tecnolog\u00edas sanitarias y evaluaciones econ\u00f3micas para la toma de decisiones en salud<\/a><\/p>\n                                <\/td>\n                              <\/tr>\n                            <\/tbody>\n                          <\/table>\n\n                          <table cellspacing=\"0\" cellpadding=\"0\" width=\"100%\">\n                            <tbody>\n                              <tr>\n                                <td>\n                                  &#160;\n                                <\/td>\n\n                                <td>\n                                  <p style=\"font-size: 10pt; font-family: 'Roboto Condensed', sans-serif; line-height: 120%; font-weight: 300; padding: 0px;\"><strong>Resumen<\/strong><br\/> <a style=\"font-size: 10pt; font-family: 'Roboto Condensed', sans-serif; line-height: 120%; font-weight: 300; padding: 0px;\">Este curso es una introducci\u00f3n a la Evaluaci\u00f3n de Tecnolog\u00edas Sanitarias (ETESA) y Evaluaciones Econ\u00f3micas (EE), a su utilidad y relevancia para la toma de decisiones en salud.<\/a><\/p>\n\n                                  <p style=\"font-size: 10pt; font-family: 'Roboto Condensed', sans-serif; line-height: 120%; font-weight: 300; padding: 0px; margin: 5 0 5 0px;\">Pa\u00eds\/Instituci\u00f3n: IECS &#8211; INSTITUTO DE EFECTIVIDAD CL\u00cdNICA SANITARIA<\/p>\n\n                                  <p style=\"font-size: 10pt; font-family: 'Roboto Condensed', sans-serif; line-height: 120%; font-weight: 300; padding: 0px; margin: 5 0 5 0px;\">Fecha: 18 de marzo de 2025<\/p>\n\n                                  <a href=\"https:\/\/educacion.iecs.org.ar\/educacion\/introduccion-a-las-evaluaciones-de-tecnologias-sanitarias-y-evaluaciones-economicas-ets-y-ee\/\"> \n\n                                  <table cellspacing=\"0\" cellpadding=\"0\" width=\"100%\">\n                                    <tbody>\n                                      <tr>\n                                        <td style=\"background-color:#5ACDF4;display:inline-block;font-family: 'Roboto Condensed', sans-serif;font-weight:bold;font-size:13px;line-height:33px;text-align:center;width:150px;-webkit-text-size-adjust:none;mso-hide:all;\">\n                                          <span style=\"color:#ffffff\">Ver m\u00e1s<\/span>\n                                        <\/td>\n                                      <\/tr>\n                                    <\/tbody>\n                                  <\/table>\n\n                                  <\/a>\n                                <\/td>\n                              <\/tr>\n                            <\/tbody>\n                          <\/table>\n\n\n<!--[ fin Bloque NOTICIA]--> \n\n<!--[ SEPARADOR TEMA]-->   <!--[ Comienzo bloque WEBINARS]-->\n\n                        <\/td>\n                      <\/tr>\n\n                      <tr cellspacing=\"0\" cellpadding=\"0\" align=\"center\">\n                        <td style=\"background-color:#24A6EE;display:inline-block;font-family: 'Roboto Condensed', sans-serif;font-weight:bold;font-size:13px;line-height:10px;text-align:center; width:92%;-webkit-text-size-adjust:none;mso-hide:all;border-bottom:1px solid #a1a1a1;\">\n<a style=\"color:#ffffff; text-align: center\">WEBINARS <br\/> <\/a> \n                        <\/td>\n                      <\/tr>\n\n<!--[ cierre SEPARADOR]-->\n\n                      <tr>\n<!--[Inicio bloque NOTICIA]-->\n                      <\/tr>\n\n                      <tr>\n                        <td valign=\"top\" style=\"border-bottom:1px solid #a1a1a1;\">\n                          <table cellspacing=\"0\" cellpadding=\"0\" width=\"100%\"><\/table>\n\n                          <table cellspacing=\"0\" cellpadding=\"0\">\n                            <tbody>\n                              <tr>\n                                <td cellspacing=\"0\" cellpadding=\"0\" width=\"100%\" style=\"background-color:#E0DFDF\">\n                                  <p style=\"font-size: 10pt; font-family: 'Roboto Condensed', sans-serif; line-height: 120%; padding: 5px; text-align: center\"><a style=\"font-size: 10pt; font-family: 'Roboto Condensed', sans-serif; line-height: 120%; font-weight: 600; padding: 5px;\">Big Data, Fast Solutions: High-Performance Computing in Digital Health<\/a><\/p>\n                                <\/td>\n                              <\/tr>\n                            <\/tbody>\n                          <\/table>\n\n                          <table cellspacing=\"0\" cellpadding=\"0\" width=\"100%\">\n                            <tbody>\n                              <tr>\n                                <td>\n                                  &#160;\n                                <\/td>\n\n                                <td>\n                                  <p style=\"font-size: 10pt; font-family: 'Roboto Condensed', sans-serif; line-height: 120%; font-weight: 300; padding: 0px;\"><strong>Resumen<\/strong><br\/> <a style=\"font-size: 10pt; font-family: 'Roboto Condensed', sans-serif; line-height: 120%; font-weight: 300; padding: 0px;\">Objectives:\nUnderstand the Role of High-Performance Computing in Digital Health: Explore how high-performance computing (HPC) accelerates the analysis of complex datasets, driving innovation in digital health research and applications.\nIdentify Key Challenges and Opportunities in Using Big Data for Healthcare Solutions: Examine the technical, ethical, and operational challenges of processing big data in healthcare, and discuss strategies to overcome them.\nExplore best practices and encourage further research: Share research studies and projects that have effectively implemented HPC in the current practices. Stimulate interest among seminar attendees to pursue research opportunities related to HPC in healthcare and to potentially highlight areas where additional research is needed.<\/a><\/p>\n\n                                  <p style=\"font-size: 10pt; font-family: 'Roboto Condensed', sans-serif; line-height: 120%; font-weight: 300; padding: 0px; margin: 5 0 5 0px;\">Pa\u00eds\/Instituci\u00f3n: Women&#8217;s Health Research Institute (WHRI) and the BC Children&#8217;s Hospital Research Institute (BCCHR)<\/p>\n\n                                  <p style=\"font-size: 10pt; font-family: 'Roboto Condensed', sans-serif; line-height: 120%; font-weight: 300; padding: 0px; margin: 5 0 5 0px;\">Fecha de cierre: 27 de febrero de 2025<\/p>\n\n                                  <a href=\"https:\/\/www.eventbrite.com.ar\/e\/big-data-fast-solutions-high-performance-computing-in-digital-health-tickets-1200653329429?keep_tld=1\"> \n\n                                  <table cellspacing=\"0\" cellpadding=\"0\" width=\"100%\">\n                                    <tbody>\n                                      <tr>\n                                        <td style=\"background-color:#5ACDF4;display:inline-block;font-family: 'Roboto Condensed', sans-serif;font-weight:bold;font-size:13px;line-height:33px;text-align:center;width:150px;-webkit-text-size-adjust:none;mso-hide:all;\">\n                                          <span style=\"color:#ffffff\">Ver m\u00e1s<\/span>\n                                        <\/td>\n                                      <\/tr>\n                                    <\/tbody>\n                                  <\/table>\n\n                                  <\/a>\n                                <\/td>\n                              <\/tr>\n                            <\/tbody>\n                          <\/table>\n\n\n<!--[ fin Bloque NOTICIA]-->\n                        <\/td>\n<!--[Inicio bloque NOTICIA]-->\n                      <\/tr>\n\n                      <tr>\n                        <td valign=\"top\" style=\"border-bottom:1px solid #a1a1a1;\">\n                          <table cellspacing=\"0\" cellpadding=\"0\" width=\"100%\"><\/table>\n\n                          <table cellspacing=\"0\" cellpadding=\"0\">\n                            <tbody>\n                              <tr>\n                                <td cellspacing=\"0\" cellpadding=\"0\" width=\"100%\" style=\"background-color:#E0DFDF\">\n                                  <p style=\"font-size: 10pt; font-family: 'Roboto Condensed', sans-serif; line-height: 120%; padding: 5px; text-align: center\"><a style=\"font-size: 10pt; font-family: 'Roboto Condensed', sans-serif; line-height: 120%; font-weight: 600; padding: 5px;\">IA Generativa aplicada: Transformando la Industria Farmac\u00e9utica con Innovaci\u00f3n<\/a><\/p>\n                                <\/td>\n                              <\/tr>\n                            <\/tbody>\n                          <\/table>\n\n                          <table cellspacing=\"0\" cellpadding=\"0\" width=\"100%\">\n                            <tbody>\n                              <tr>\n                                <td>\n                                  &#160;\n                                <\/td>\n\n                                <td>\n                                  <p style=\"font-size: 10pt; font-family: 'Roboto Condensed', sans-serif; line-height: 120%; font-weight: 300; padding: 0px;\"><strong>Resumen<\/strong><br\/> <a style=\"font-size: 10pt; font-family: 'Roboto Condensed', sans-serif; line-height: 120%; font-weight: 300; padding: 0px;\">En esta charla, Ezequiel D&#8217;Amico, fundador de Delfi IA, explorar\u00e1 c\u00f3mo la IA Generativa est\u00e1 revolucionando la industria de la salud, desde mejorar la atenci\u00f3n al paciente hasta optimizar procesos administrativos. Ezequiel compartir\u00e1 su experiencia y casos de \u00e9xito donde la IA ha transformado la manera en que las empresas del sector salud operan y se relacionan con sus pacientes. Esta charla es una oportunidad \u00fanica para descubrir c\u00f3mo la IA Generativa puede ser el motor de una nueva era en la salud.<\/a><\/p>\n\n                                  <p style=\"font-size: 10pt; font-family: 'Roboto Condensed', sans-serif; line-height: 120%; font-weight: 300; padding: 0px; margin: 5 0 5 0px;\">Pa\u00eds\/Instituci\u00f3n: Hospital Italiano de Buenos Aires<\/p>\n                                  \n                                  <p style=\"font-size: 10pt; font-family: 'Roboto Condensed', sans-serif; line-height: 120%; font-weight: 300; padding: 0px; margin: 5 0 5 0px;\">Fecha: 2025<\/p>\n                                  \n\t\t\t\t\t\t\t\t  <a href=\"https:\/\/www.youtube.com\/watch?v=TxijV65iCtY\"> \n\n                                  <table cellspacing=\"0\" cellpadding=\"0\" width=\"100%\">\n                                    <tbody>\n                                      <tr>\n                                        <td style=\"background-color:#5ACDF4;display:inline-block;font-family: 'Roboto Condensed', sans-serif;font-weight:bold;font-size:13px;line-height:33px;text-align:center;width:150px;-webkit-text-size-adjust:none;mso-hide:all;\">\n                                          <span style=\"color:#ffffff\">Ver m\u00e1s<\/span>\n                                        <\/td>\n                                      <\/tr>\n                                    <\/tbody>\n                                  <\/table>\n\n                                  <\/a>\n                                <\/td>\n                              <\/tr>\n                            <\/tbody>\n                          <\/table>\n\n<!--[ fin Bloque NOTICIA]--> \n\n<!--[ SEPARADOR TEMA]-->   <!--[ Comienzo bloque PUBLICACIONES]-->\n","protected":false},"excerpt":{"rendered":"<p>Alertas Tecnolog\u00edas M\u00e9dicas Sistema de Alertas del CiEV CONVOCATORIAS Convocatoria 2024 \u2013 Promociones CIC &#160; Resumen El CONICET informa el cronograma para la Convocatoria de Promociones de la Carrera del Investigador Cient\u00edfico y Tecnol\u00f3gico (CIC) 2024 para todas las categor\u00edas, incluyendo las solicitudes de promoci\u00f3n a la Categor\u00eda Superior. Pa\u00eds\/Instituci\u00f3n: CONICET Fecha de cierre: 17 [&hellip;]<\/p>\n","protected":false},"author":3,"featured_media":1202,"comment_status":"closed","ping_status":"open","sticky":false,"template":"elementor_theme","format":"standard","meta":{"site-sidebar-layout":"default","site-content-layout":"","ast-site-content-layout":"default","site-content-style":"default","site-sidebar-style":"default","ast-global-header-display":"","ast-banner-title-visibility":"","ast-main-header-display":"","ast-hfb-above-header-display":"","ast-hfb-below-header-display":"","ast-hfb-mobile-header-display":"","site-post-title":"disabled","ast-breadcrumbs-content":"","ast-featured-img":"","footer-sml-layout":"","theme-transparent-header-meta":"","adv-header-id-meta":"","stick-header-meta":"","header-above-stick-meta":"","header-main-stick-meta":"","header-below-stick-meta":"","astra-migrate-meta-layouts":"set","ast-page-background-enabled":"default","ast-page-background-meta":{"desktop":{"background-color":"var(--ast-global-color-4)","background-image":"","background-repeat":"repeat","background-position":"center center","background-size":"auto","background-attachment":"scroll","background-type":"","background-media":"","overlay-type":"","overlay-color":"","overlay-gradient":""},"tablet":{"background-color":"","background-image":"","background-repeat":"repeat","background-position":"center center","background-size":"auto","background-attachment":"scroll","background-type":"","background-media":"","overlay-type":"","overlay-color":"","overlay-gradient":""},"mobile":{"background-color":"","background-image":"","background-repeat":"repeat","background-position":"center center","background-size":"auto","background-attachment":"scroll","background-type":"","background-media":"","overlay-type":"","overlay-color":"","overlay-gradient":""}},"ast-content-background-meta":{"desktop":{"background-color":"var(--ast-global-color-5)","background-image":"","background-repeat":"repeat","background-position":"center center","background-size":"auto","background-attachment":"scroll","background-type":"","background-media":"","overlay-type":"","overlay-color":"","overlay-gradient":""},"tablet":{"background-color":"var(--ast-global-color-5)","background-image":"","background-repeat":"repeat","background-position":"center center","background-size":"auto","background-attachment":"scroll","background-type":"","background-media":"","overlay-type":"","overlay-color":"","overlay-gradient":""},"mobile":{"background-color":"var(--ast-global-color-5)","background-image":"","background-repeat":"repeat","background-position":"center center","background-size":"auto","background-attachment":"scroll","background-type":"","background-media":"","overlay-type":"","overlay-color":"","overlay-gradient":""}},"footnotes":""},"categories":[20],"tags":[],"class_list":["post-1165","post","type-post","status-publish","format-standard","has-post-thumbnail","hentry","category-tecnologias-medicas"],"rttpg_featured_image_url":{"full":["https:\/\/ciev.ingenieria.uner.edu.ar\/wp-content\/uploads\/2025\/04\/gente-negocios-dandose-mano-saludar-scaled.jpg",2560,1633,false],"landscape":["https:\/\/ciev.ingenieria.uner.edu.ar\/wp-content\/uploads\/2025\/04\/gente-negocios-dandose-mano-saludar-scaled.jpg",2560,1633,false],"portraits":["https:\/\/ciev.ingenieria.uner.edu.ar\/wp-content\/uploads\/2025\/04\/gente-negocios-dandose-mano-saludar-scaled.jpg",2560,1633,false],"thumbnail":["https:\/\/ciev.ingenieria.uner.edu.ar\/wp-content\/uploads\/2025\/04\/gente-negocios-dandose-mano-saludar-150x150.jpg",150,150,true],"medium":["https:\/\/ciev.ingenieria.uner.edu.ar\/wp-content\/uploads\/2025\/04\/gente-negocios-dandose-mano-saludar-300x191.jpg",300,191,true],"large":["https:\/\/ciev.ingenieria.uner.edu.ar\/wp-content\/uploads\/2025\/04\/gente-negocios-dandose-mano-saludar-1024x653.jpg",1024,653,true],"1536x1536":["https:\/\/ciev.ingenieria.uner.edu.ar\/wp-content\/uploads\/2025\/04\/gente-negocios-dandose-mano-saludar-1536x980.jpg",1536,980,true],"2048x2048":["https:\/\/ciev.ingenieria.uner.edu.ar\/wp-content\/uploads\/2025\/04\/gente-negocios-dandose-mano-saludar-2048x1306.jpg",2048,1306,true],"rta_thumb_center_center_583x388":["https:\/\/ciev.ingenieria.uner.edu.ar\/wp-content\/uploads\/2025\/04\/gente-negocios-dandose-mano-saludar-583x388.jpg",583,388,true],"rta_thumb_center_center_1200x450":["https:\/\/ciev.ingenieria.uner.edu.ar\/wp-content\/uploads\/2025\/04\/gente-negocios-dandose-mano-saludar-1200x450.jpg",1200,450,true]},"rttpg_author":{"display_name":"Secretar\u00eda de Extensi\u00f3n FIUNER","author_link":"https:\/\/ciev.ingenieria.uner.edu.ar\/index.php\/author\/extension\/"},"rttpg_comment":0,"rttpg_category":"<a href=\"https:\/\/ciev.ingenieria.uner.edu.ar\/index.php\/category\/tecnologias-medicas\/\" rel=\"category tag\">Tecnolog\u00edas M\u00e9dicas<\/a>","rttpg_excerpt":"Alertas Tecnolog\u00edas M\u00e9dicas Sistema de Alertas del CiEV CONVOCATORIAS Convocatoria 2024 \u2013 Promociones CIC &#160; Resumen El CONICET informa el cronograma para la Convocatoria de Promociones de la Carrera del Investigador Cient\u00edfico y Tecnol\u00f3gico (CIC) 2024 para todas las categor\u00edas, incluyendo las solicitudes de promoci\u00f3n a la Categor\u00eda Superior. Pa\u00eds\/Instituci\u00f3n: CONICET Fecha de cierre: 17&hellip;","_links":{"self":[{"href":"https:\/\/ciev.ingenieria.uner.edu.ar\/index.php\/wp-json\/wp\/v2\/posts\/1165","targetHints":{"allow":["GET"]}}],"collection":[{"href":"https:\/\/ciev.ingenieria.uner.edu.ar\/index.php\/wp-json\/wp\/v2\/posts"}],"about":[{"href":"https:\/\/ciev.ingenieria.uner.edu.ar\/index.php\/wp-json\/wp\/v2\/types\/post"}],"author":[{"embeddable":true,"href":"https:\/\/ciev.ingenieria.uner.edu.ar\/index.php\/wp-json\/wp\/v2\/users\/3"}],"replies":[{"embeddable":true,"href":"https:\/\/ciev.ingenieria.uner.edu.ar\/index.php\/wp-json\/wp\/v2\/comments?post=1165"}],"version-history":[{"count":5,"href":"https:\/\/ciev.ingenieria.uner.edu.ar\/index.php\/wp-json\/wp\/v2\/posts\/1165\/revisions"}],"predecessor-version":[{"id":1247,"href":"https:\/\/ciev.ingenieria.uner.edu.ar\/index.php\/wp-json\/wp\/v2\/posts\/1165\/revisions\/1247"}],"wp:featuredmedia":[{"embeddable":true,"href":"https:\/\/ciev.ingenieria.uner.edu.ar\/index.php\/wp-json\/wp\/v2\/media\/1202"}],"wp:attachment":[{"href":"https:\/\/ciev.ingenieria.uner.edu.ar\/index.php\/wp-json\/wp\/v2\/media?parent=1165"}],"wp:term":[{"taxonomy":"category","embeddable":true,"href":"https:\/\/ciev.ingenieria.uner.edu.ar\/index.php\/wp-json\/wp\/v2\/categories?post=1165"},{"taxonomy":"post_tag","embeddable":true,"href":"https:\/\/ciev.ingenieria.uner.edu.ar\/index.php\/wp-json\/wp\/v2\/tags?post=1165"}],"curies":[{"name":"wp","href":"https:\/\/api.w.org\/{rel}","templated":true}]}}