{"id":1166,"date":"2025-03-18T11:49:25","date_gmt":"2025-03-18T14:49:25","guid":{"rendered":"https:\/\/ciev.ingenieria.uner.edu.ar\/?p=1166"},"modified":"2025-04-08T15:58:54","modified_gmt":"2025-04-08T18:58:54","slug":"atm-n1-marzo-2025","status":"publish","type":"post","link":"https:\/\/ciev.ingenieria.uner.edu.ar\/index.php\/2025\/03\/18\/atm-n1-marzo-2025\/","title":{"rendered":"ATM-N\u00b01 | Marzo 2025"},"content":{"rendered":"\n<div class=\"wp-block-buttons is-layout-flex wp-block-buttons-is-layout-flex\"><\/div>\n\n\n\n <tr>\n                <td height=\"150\" valign=\"top\">\n                  <center><table cellspacing=\"0\" cellpadding=\"10\" width=\"530\" class=\"w290\">\n\n<!--[TITULO SECCI\u00d3N]-->\n\n                    <tbody>\n                      <tr>\n                        <td valign=\"top\" style=\"border-bottom:1px solid #a1a1a1;\">\n                          <table cellspacing=\"0\" cellpadding=\"0\" width=\"100%\">\n                            <tbody>\n                              <tr>\n                                <td style=\"text-align: center;\">\n                                  <h3 style=\" font-family:'Roboto',sans-serif; font-size: 22px; padding:0 ;margin:0; color:#24A6EE;font-weight:500\">Alertas Tecnolog\u00edas M\u00e9dicas<\/h3>\n\n                                  <h3 style=\" font-family:'Roboto',sans-serif; font-size: 12px; padding:0 ;margin:0; color:#24A6EE;font-weight:500\">Sistema de Alertas del CiEV<\/h3>\n                                <\/td>\n                              <\/tr>\n                            <\/tbody>\n                          <\/table>\n                        <\/td>\n                      <\/tr>\n\n<!--[ FIN - SECCI\u00d3N]-->\n\n\n<!--[ Comienzo bloque CONVOCATORIAS]-->\n                        <tr cellspacing=\"0\" cellpadding=\"0\" align=\"center\">\n                        <td style=\"background-color:#24A6EE;display:inline-block;font-family: 'Roboto Condensed', sans-serif;font-weight:bold;font-size:13px;line-height:10px;text-align:center; width:92%;-webkit-text-size-adjust:none;mso-hide:all;border-bottom:1px solid #a1a1a1;\">\n                          <a style=\"color:#ffffff; text-align: center\">CONVOCATORIAS <\/a>\n                        <\/td>\n                      <\/tr>\n\n<!--[ cierre SEPARADOR]-->\n\n                      <tr>\n<!--[Inicio bloque NOTICIA]-->\n                      <\/tr>\n\n                      <tr>\n                        <td valign=\"top\" style=\"border-bottom:1px solid #a1a1a1;\">\n                          <table cellspacing=\"0\" cellpadding=\"0\" width=\"100%\"><\/table>\n\n                          <table cellspacing=\"0\" cellpadding=\"0\">\n                            <tbody>\n                              <tr>\n                                <td cellspacing=\"0\" cellpadding=\"0\" width=\"100%\" style=\"background-color:#E0DFDF\">\n                                  <p style=\"font-size: 10pt; font-family: 'Roboto Condensed', sans-serif; line-height: 120%; padding: 5px; text-align: center\"><a style=\"font-size: 10pt; font-family: 'Roboto Condensed', sans-serif; line-height: 120%; font-weight: 600; padding: 5px;\">2SEH2Bioinfo 2025<\/a><\/p>\n                                <\/td>\n                              <\/tr>\n                            <\/tbody>\n                          <\/table>\n\n                          <table cellspacing=\"0\" cellpadding=\"0\" width=\"100%\">\n                            <tbody>\n                              <tr>\n                                <td>\n                                  &#160;\n                                <\/td>\n\n                                <td>\n                                  <p style=\"font-size: 10pt; font-family: 'Roboto Condensed', sans-serif; line-height: 120%; font-weight: 300; padding: 0px;\"><strong>Resumen<\/strong><br\/> <a style=\"font-size: 10pt; font-family: 'Roboto Condensed', sans-serif; line-height: 120%; font-weight: 300; padding: 0px;\">En este formulario podr\u00e1s inscribirte al Segundo Simposio de Estudiantes Hispanohablantes de Bioinform\u00e1tica y Biolog\u00eda Computacional que tendr\u00e1 lugar el 1 y 2 de Abril del 2025 en formato VIRTUAL y completamente GRATUITO. <\/a><\/p>\n\n                                  <p style=\"font-size: 10pt; font-family: 'Roboto Condensed', sans-serif; line-height: 120%; font-weight: 300; padding: 0px; margin: 5 0 5 0px;\">Pa\u00eds\/Instituci\u00f3n: Comunidad de Estudiantes Hispanohablantes de Bioinform\u00e1tica y Biolog\u00eda Computacional<\/p>\n\n                                  <p style=\"font-size: 10pt; font-family: 'Roboto Condensed', sans-serif; line-height: 120%; font-weight: 300; padding: 0px; margin: 5 0 5 0px;\">Fecha de cierre de inscripciones: 25 de marzo de 2025<\/p>\n\n                                  <a href=\"https:\/\/seh2bioinfo.netlify.app\/talk\/2seh2bioinfo\/\"> \n\n                                  <table cellspacing=\"0\" cellpadding=\"0\" width=\"100%\">\n                                    <tbody>\n                                      <tr>\n                                        <td style=\"background-color:#5ACDF4;display:inline-block;font-family: 'Roboto Condensed', sans-serif;font-weight:bold;font-size:13px;line-height:33px;text-align:center;width:150px;-webkit-text-size-adjust:none;mso-hide:all;\">\n                                          <span style=\"color:#ffffff\">Ver m\u00e1s<\/span>\n                                        <\/td>\n                                      <\/tr>\n                                    <\/tbody>\n                                  <\/table>\n\n                                  <\/a>\n                                <\/td>\n                              <\/tr>\n                            <\/tbody>\n                          <\/table>\n\n\n<!--[ fin Bloque NOTICIA]-->\n                        <\/td>\n<!--[Inicio bloque NOTICIA]-->\n                      <\/tr>\n\n                      <tr>\n                        <td valign=\"top\" style=\"border-bottom:1px solid #a1a1a1;\">\n                          <table cellspacing=\"0\" cellpadding=\"0\" width=\"100%\"><\/table>\n\n                          <table cellspacing=\"0\" cellpadding=\"0\">\n                            <tbody>\n                              <tr>\n                                <td cellspacing=\"0\" cellpadding=\"0\" width=\"100%\" style=\"background-color:#E0DFDF\">\n                                  <p style=\"font-size: 10pt; font-family: 'Roboto Condensed', sans-serif; line-height: 120%; padding: 5px; text-align: center\"><a style=\"font-size: 10pt; font-family: 'Roboto Condensed', sans-serif; line-height: 120%; font-weight: 600; padding: 5px;\">Inscripci\u00f3n y(o alquiler de stands &#8211; Encuentros federales nodos APIA 2025 Regi\u00f3n NEA: Sede Formosa<\/a><\/p>\n                                <\/td>\n                              <\/tr>\n                            <\/tbody>\n                          <\/table>\n\n                          <table cellspacing=\"0\" cellpadding=\"0\" width=\"100%\">\n                            <tbody>\n                              <tr>\n                                <td>\n                                  &#160;\n                                <\/td>\n\n                                <td>\n                                  <p style=\"font-size: 10pt; font-family: 'Roboto Condensed', sans-serif; line-height: 120%; font-weight: 300; padding: 0px;\"><strong>Resumen<\/strong><br\/> <a style=\"font-size: 10pt; font-family: 'Roboto Condensed', sans-serif; line-height: 120%; font-weight: 300; padding: 0px;\">Actores: Parques industriales, log\u00edsticos y tecnol\u00f3gicos, empresas, startups, fondos de inversi\u00f3n, profesionales, emprendedores, c\u00e1maras, universidades, sector p\u00fablico y m\u00e1s.\nTemas: Nuevas Tecnolog\u00edas, Sostenibilidad, Log\u00edstica y Movilidad, Cuencas Maduras, Startups y Financiamiento.\nNODOS APIA 2025 es una serie de eventos federales que buscan integrar y destacar el potencial de cada regi\u00f3n, impulsando la generaci\u00f3n de \u00e1reas industriales y promoviendo un crecimiento federal sostenible.\nEn el evento, los gobiernos de la regi\u00f3n NEA -Formosa, Chaco, Corrientes, y Misiones-; con sus m\u00e1s de 50 parques industriales, log\u00edsticos y tecnol\u00f3gicos, sus municipios, universidades, y empresas nacionales e internacionales de todo tipo, expondr\u00e1n sus potencialidades, ventajas y beneficios, entre otras cuestiones, a trav\u00e9s de conversatorios exclusivos y espacios de networking.\n<\/a><\/p>\n\n                                  <p style=\"font-size: 10pt; font-family: 'Roboto Condensed', sans-serif; line-height: 120%; font-weight: 300; padding: 0px; margin: 5 0 5 0px;\">Pa\u00eds\/Instituci\u00f3n: APIA y Gobierno de Formosa<\/p>\n\n                                  <p style=\"font-size: 10pt; font-family: 'Roboto Condensed', sans-serif; line-height: 120%; font-weight: 300; padding: 0px; margin: 5 0 5 0px;\">Fecha de cierre: 27 de marzo de 2025<\/p>\n\n                                  <a href=\"https:\/\/apia.ar\/1-encuentro-federal-nodos-apia-2025-region-nea-sede-formosa\/\"> \n\n                                  <table cellspacing=\"0\" cellpadding=\"0\" width=\"100%\">\n                                    <tbody>\n                                      <tr>\n                                        <td style=\"background-color:#5ACDF4;display:inline-block;font-family: 'Roboto Condensed', sans-serif;font-weight:bold;font-size:13px;line-height:33px;text-align:center;width:150px;-webkit-text-size-adjust:none;mso-hide:all;\">\n                                          <span style=\"color:#ffffff\">Ver m\u00e1s<\/span>\n                                        <\/td>\n                                      <\/tr>\n                                    <\/tbody>\n                                  <\/table>\n\n                                  <\/a>\n                                <\/td>\n                              <\/tr>\n                            <\/tbody>\n                          <\/table>\n\n\n<!--[ fin Bloque NOTICIA]-->\n                        <\/td>\n<!--[Inicio bloque NOTICIA]-->\n                      <\/tr>\n\n                      <tr>\n                        <td valign=\"top\" style=\"border-bottom:1px solid #a1a1a1;\">\n                          <table cellspacing=\"0\" cellpadding=\"0\" width=\"100%\"><\/table>\n\n                          <table cellspacing=\"0\" cellpadding=\"0\">\n                            <tbody>\n                              <tr>\n                                <td cellspacing=\"0\" cellpadding=\"0\" width=\"100%\" style=\"background-color:#E0DFDF\">\n                                  <p style=\"font-size: 10pt; font-family: 'Roboto Condensed', sans-serif; line-height: 120%; padding: 5px; text-align: center\"><a style=\"font-size: 10pt; font-family: 'Roboto Condensed', sans-serif; line-height: 120%; font-weight: 600; padding: 5px;\">SciDataCon 2025 Reviewer Sign Up<\/a><\/p>\n                                <\/td>\n                              <\/tr>\n                            <\/tbody>\n                          <\/table>\n\n                          <table cellspacing=\"0\" cellpadding=\"0\" width=\"100%\">\n                            <tbody>\n                              <tr>\n                                <td>\n                                  &#160;\n                                <\/td>\n\n                                <td>\n                                  <p style=\"font-size: 10pt; font-family: 'Roboto Condensed', sans-serif; line-height: 120%; font-weight: 300; padding: 0px;\"><strong>Resumen<\/strong><br\/> <a style=\"font-size: 10pt; font-family: 'Roboto Condensed', sans-serif; line-height: 120%; font-weight: 300; padding: 0px;\">SciDataCon, the international conference for scrutiny and discussion of the frontier issues of data in research, is seeking peer reviewers to support the upcoming conference to be held as a part of International Data Week 2025 to be held 13-16 October 2025 in Brisbane, Australia. Held every other year, SciDataCon is run by the International Science Council\u2019s Committee on Data (CODATA) and the ISC\u2019s World Data System. The reviews of conference submissions will occur from April to May 2025. Reviewers will receive up to 10 conference abstracts to score and provide feedback on in the online system.\nThank you in advance for your support! Please sign up by 31 March to serve as a reviewer and select the thematic areas you are comfortable reviewing.<\/a><\/p>\n\n                                  <p style=\"font-size: 10pt; font-family: 'Roboto Condensed', sans-serif; line-height: 120%; font-weight: 300; padding: 0px; margin: 5 0 5 0px;\">Pa\u00eds\/Instituci\u00f3n: Committee on Data (CODATA) and the World Data System (WDS) of the International Science Council (ISC)<\/p>\n\n                                  <p style=\"font-size: 10pt; font-family: 'Roboto Condensed', sans-serif; line-height: 120%; font-weight: 300; padding: 0px; margin: 5 0 5 0px;\">Fecha de cierre: 31 de marzo de 2025<\/p>\n\n                                  <a href=\"https:\/\/scidatacon.org\/\"> \n\n                                  <table cellspacing=\"0\" cellpadding=\"0\" width=\"100%\">\n                                    <tbody>\n                                      <tr>\n                                        <td style=\"background-color:#5ACDF4;display:inline-block;font-family: 'Roboto Condensed', sans-serif;font-weight:bold;font-size:13px;line-height:33px;text-align:center;width:150px;-webkit-text-size-adjust:none;mso-hide:all;\">\n                                          <span style=\"color:#ffffff\">Ver m\u00e1s<\/span>\n                                        <\/td>\n                                      <\/tr>\n                                    <\/tbody>\n                                  <\/table>\n\n                                  <\/a>\n                                <\/td>\n                              <\/tr>\n                            <\/tbody>\n                          <\/table>\n\n\n<!--[ fin Bloque NOTICIA]-->\n                        <\/td>\n<!--[Inicio bloque NOTICIA]-->\n                      <\/tr>\n\n                      <tr>\n                        <td valign=\"top\" style=\"border-bottom:1px solid #a1a1a1;\">\n                          <table cellspacing=\"0\" cellpadding=\"0\" width=\"100%\"><\/table>\n\n                          <table cellspacing=\"0\" cellpadding=\"0\">\n                            <tbody>\n                              <tr>\n                                <td cellspacing=\"0\" cellpadding=\"0\" width=\"100%\" style=\"background-color:#E0DFDF\">\n                                  <p style=\"font-size: 10pt; font-family: 'Roboto Condensed', sans-serif; line-height: 120%; padding: 5px; text-align: center\"><a style=\"font-size: 10pt; font-family: 'Roboto Condensed', sans-serif; line-height: 120%; font-weight: 600; padding: 5px;\">IncuBAte 2025<\/a><\/p>\n                                <\/td>\n                              <\/tr>\n                            <\/tbody>\n                          <\/table>\n\n                          <table cellspacing=\"0\" cellpadding=\"0\" width=\"100%\">\n                            <tbody>\n                              <tr>\n                                <td>\n                                  &#160;\n                                <\/td>\n\n                                <td>\n                                  <p style=\"font-size: 10pt; font-family: 'Roboto Condensed', sans-serif; line-height: 120%; font-weight: 300; padding: 0px;\"><strong>Resumen<\/strong><br\/> <a style=\"font-size: 10pt; font-family: 'Roboto Condensed', sans-serif; line-height: 120%; font-weight: 300; padding: 0px;\">\nIncuBAte es el programa de la Ciudad que desde hace m\u00e1s de 20 a\u00f1os estimula el fortalecimiento y la consolidaci\u00f3n de emprendimientos.\nLa edici\u00f3n 2025 est\u00e1 dirigida a proyectos disruptivos en estadios iniciales que necesiten acompa\u00f1amiento profesional para llevarlo a un nivel superior de desarrollo. Es decir, con un modelo de negocio consolidado, validado y viable. \nPueden inscribirse emprendimientos comerciales, productivos, sociales y tecnol\u00f3gicos de alto impacto, con una antig\u00fcedad no mayor de 4 a\u00f1os, que cuenten con un Producto M\u00ednimo Viable (PMV).<\/a><\/p>\n\n                                  <p style=\"font-size: 10pt; font-family: 'Roboto Condensed', sans-serif; line-height: 120%; font-weight: 300; padding: 0px; margin: 5 0 5 0px;\">Pa\u00eds\/Instituci\u00f3n: Gobierno de la Ciudad Aut\u00f3noma de Buenos Aires &#8211; Desarrollo Econ\u00f3mico <\/p>\n\n                                  <p style=\"font-size: 10pt; font-family: 'Roboto Condensed', sans-serif; line-height: 120%; font-weight: 300; padding: 0px; margin: 5 0 5 0px;\">Fecha de cierre: 31 de marzo de 2025<\/p>\n\n                                  <a href=\"https:\/\/buenosaires.gob.ar\/noticias\/potencia-tu-emprendimiento-en-incubate-2025\"> \n\n                                  <table cellspacing=\"0\" cellpadding=\"0\" width=\"100%\">\n                                    <tbody>\n                                      <tr>\n                                        <td style=\"background-color:#5ACDF4;display:inline-block;font-family: 'Roboto Condensed', sans-serif;font-weight:bold;font-size:13px;line-height:33px;text-align:center;width:150px;-webkit-text-size-adjust:none;mso-hide:all;\">\n                                          <span style=\"color:#ffffff\">Ver m\u00e1s<\/span>\n                                        <\/td>\n                                      <\/tr>\n                                    <\/tbody>\n                                  <\/table>\n\n                                  <\/a>\n                                <\/td>\n                              <\/tr>\n                            <\/tbody>\n                          <\/table>\n\n\n<!--[ fin Bloque NOTICIA]-->\n                        <\/td>\n<!--[Inicio bloque NOTICIA]-->\n                      <\/tr>\n\n                      <tr>\n                        <td valign=\"top\" style=\"border-bottom:1px solid #a1a1a1;\">\n                          <table cellspacing=\"0\" cellpadding=\"0\" width=\"100%\"><\/table>\n\n                          <table cellspacing=\"0\" cellpadding=\"0\">\n                            <tbody>\n                              <tr>\n                                <td cellspacing=\"0\" cellpadding=\"0\" width=\"100%\" style=\"background-color:#E0DFDF\">\n                                  <p style=\"font-size: 10pt; font-family: 'Roboto Condensed', sans-serif; line-height: 120%; padding: 5px; text-align: center\"><a style=\"font-size: 10pt; font-family: 'Roboto Condensed', sans-serif; line-height: 120%; font-weight: 600; padding: 5px;\">Convocatoria Y-TEC 2025: Ideas Innovadoras en Nanotecnolog\u00eda para Energ\u00eda, Medio Ambiente y Aplicaciones Industriales<\/a><\/p>\n                                <\/td>\n                              <\/tr>\n                            <\/tbody>\n                          <\/table>\n\n                          <table cellspacing=\"0\" cellpadding=\"0\" width=\"100%\">\n                            <tbody>\n                              <tr>\n                                <td>\n                                  &#160;\n                                <\/td>\n\n                                <td>\n                                  <p style=\"font-size: 10pt; font-family: 'Roboto Condensed', sans-serif; line-height: 120%; font-weight: 300; padding: 0px;\"><strong>Resumen<\/strong><br\/> <a style=\"font-size: 10pt; font-family: 'Roboto Condensed', sans-serif; line-height: 120%; font-weight: 300; padding: 0px;\">La convocatoria al Laboratorio de Ideas Nano tiene como objetivos impulsar la creatividad de la comunidad cient\u00edfica y tecnol\u00f3gica, fomentar la investigaci\u00f3n y la innovaci\u00f3n con enfoque en necesidades locales y desarrollar soluciones escalables con potencial de aplicaci\u00f3n industrial y comercial. La misma est\u00e1 dirigida a integrantes del Sistema Cient\u00edfico Argentino, pymes y startups interesadas en aportar soluciones innovadoras para la industria.\nLos interesados en participar, tendr\u00e1n tiempo de presentar sus ideas, hasta el lunes 7 de abril a las 12 hs., abordando una propuesta en alguna de las siguientes tem\u00e1ticas:\nNanotecnolog\u00eda para la energ\u00eda y medio ambiente con \u00e9nfasis en el sector Oil and Gas \nEste eje tem\u00e1tico se centra en el desarrollo y aplicaci\u00f3n de soluciones  nanotecnol\u00f3gicas que mejoren la eficiencia y sostenibilidad en la industria del petr\u00f3leo y gas. Las innovaciones pueden incluir nanomateriales para la mejora de la extracci\u00f3n y  procesamiento de hidrocarburos, tecnolog\u00edas para la reducci\u00f3n de emisiones y contaminaci\u00f3n. El objetivo es abordar los desaf\u00edos energ\u00e9ticos y ambientales espec\u00edficos de esta industria, promoviendo pr\u00e1cticas m\u00e1s limpias y eficientes.\nAplicaciones de grafeno y materiales 2D \nEste eje explora el potencial del grafeno y otros materiales bidimensionales en diversas aplicaciones industriales. El grafeno, conocido por su excepcional conductividad  el\u00e9ctrica y t\u00e9rmica, as\u00ed como por su resistencia y flexibilidad, puede revolucionar sectores como la electr\u00f3nica, la energ\u00eda, la biomedicina y los materiales compuestos. Las propuestas pueden abarcar desde el desarrollo de dispositivos electr\u00f3nicos m\u00e1s eficientes hasta nuevas soluciones para mejorar las propiedades de diversos productos\nAplicaciones industriales basadas en nanomateriales de carbono\nEste eje se enfoca en el uso de nanomateriales de carbono, como grafeno, nanotubos de carbono, fullerenos, entre otros, en aplicaciones industriales variadas. Estos materiales ofrecen propiedades \u00fanicas que pueden mejorar significativamente el rendimiento de productos y procesos en sectores como el automotriz, lubricantes, construcci\u00f3n, pintura, energ\u00eda, manufactura, entre otros. Las ideas pueden incluir ideas\/desarrollos avanzados, que ya se encuentren en condiciones de ser escalados.<\/a><\/p>\n\n                                  <p style=\"font-size: 10pt; font-family: 'Roboto Condensed', sans-serif; line-height: 120%; font-weight: 300; padding: 0px; margin: 5 0 5 0px;\">Pa\u00eds\/Instituci\u00f3n: YTEC<\/p>\n\n                                  <p style=\"font-size: 10pt; font-family: 'Roboto Condensed', sans-serif; line-height: 120%; font-weight: 300; padding: 0px; margin: 5 0 5 0px;\">Fecha de cierre: 7 de abril de 2025<\/p>\n\n                                  <a href=\"https:\/\/www.fan.org.ar\/noticias\/convocatoria-y-tec-2025-ideas-innovadoras-en-nanotecnologia-para-energia-medio-ambiente-y-aplicaciones-industriales\/\"> \n\n                                  <table cellspacing=\"0\" cellpadding=\"0\" width=\"100%\">\n                                    <tbody>\n                                      <tr>\n                                        <td style=\"background-color:#5ACDF4;display:inline-block;font-family: 'Roboto Condensed', sans-serif;font-weight:bold;font-size:13px;line-height:33px;text-align:center;width:150px;-webkit-text-size-adjust:none;mso-hide:all;\">\n                                          <span style=\"color:#ffffff\">Ver m\u00e1s<\/span>\n                                        <\/td>\n                                      <\/tr>\n                                    <\/tbody>\n                                  <\/table>\n\n                                  <\/a>\n                                <\/td>\n                              <\/tr>\n                            <\/tbody>\n                          <\/table>\n\n\n<!--[ fin Bloque NOTICIA]-->\n                        <\/td>\n<!--[Inicio bloque NOTICIA]-->\n                      <\/tr>\n\n                      <tr>\n                        <td valign=\"top\" style=\"border-bottom:1px solid #a1a1a1;\">\n                          <table cellspacing=\"0\" cellpadding=\"0\" width=\"100%\"><\/table>\n\n                          <table cellspacing=\"0\" cellpadding=\"0\">\n                            <tbody>\n                              <tr>\n                                <td cellspacing=\"0\" cellpadding=\"0\" width=\"100%\" style=\"background-color:#E0DFDF\">\n                                  <p style=\"font-size: 10pt; font-family: 'Roboto Condensed', sans-serif; line-height: 120%; padding: 5px; text-align: center\"><a style=\"font-size: 10pt; font-family: 'Roboto Condensed', sans-serif; line-height: 120%; font-weight: 600; padding: 5px;\">Harvard Health Systems Innovation Lab Hackathon 2025<\/a><\/p>\n                                <\/td>\n                              <\/tr>\n                            <\/tbody>\n                          <\/table>\n\n                          <table cellspacing=\"0\" cellpadding=\"0\" width=\"100%\">\n                            <tbody>\n                              <tr>\n                                <td>\n                                  &#160;\n                                <\/td>\n\n                                <td>\n                                  <p style=\"font-size: 10pt; font-family: 'Roboto Condensed', sans-serif; line-height: 120%; font-weight: 300; padding: 0px;\"><strong>Resumen<\/strong><br\/> <a style=\"font-size: 10pt; font-family: 'Roboto Condensed', sans-serif; line-height: 120%; font-weight: 300; padding: 0px;\">Queremos compartir con toda la comunidad de emprendedores que hemos sido seleccionados por el HSIL de la Escuela de Salud P\u00fablica de Harvard para organizar el hub local en Argentina de este evento global. Bajo el lema \u201cBuilding High-Value Health Systems: Leveraging Artificial Intelligence\u201d, este encuentro nos brinda la oportunidad de impulsar el talento, las ideas y la tecnolog\u00eda para transformar la salud mediante la inteligencia artificial.\nEl evento se realizar\u00e1 el 11 y 12 de abril de 2025 en la Ciudad Aut\u00f3noma de Buenos Aires, y se presenta como una plataforma \u00fanica para conectar a profesionales y expertos en el \u00e1mbito de la tecnolog\u00eda aplicada a la salud. Adem\u00e1s, el equipo ganador tendr\u00e1 el privilegio de acceder a un Programa de Incubaci\u00f3n en Harvard, trabajando codo a codo con especialistas en venture building, y todos los participantes recibir\u00e1n un certificado oficial del HSIL.<\/a><\/p>\n\n                                  <p style=\"font-size: 10pt; font-family: 'Roboto Condensed', sans-serif; line-height: 120%; font-weight: 300; padding: 0px; margin: 5 0 5 0px;\">Pa\u00eds\/Instituci\u00f3n: Harvard<\/p>\n\n                                  <p style=\"font-size: 10pt; font-family: 'Roboto Condensed', sans-serif; line-height: 120%; font-weight: 300; padding: 0px; margin: 5 0 5 0px;\">Fecha de cierre: 11 de abril de 2025<\/p>\n\n                                  <a href=\"https:\/\/airtable.com\/app93QlRb4oZjxKnW\/pagFJFqJW3xFqnRFw\/form\"> \n\n                                  <table cellspacing=\"0\" cellpadding=\"0\" width=\"100%\">\n                                    <tbody>\n                                      <tr>\n                                        <td style=\"background-color:#5ACDF4;display:inline-block;font-family: 'Roboto Condensed', sans-serif;font-weight:bold;font-size:13px;line-height:33px;text-align:center;width:150px;-webkit-text-size-adjust:none;mso-hide:all;\">\n                                          <span style=\"color:#ffffff\">Ver m\u00e1s<\/span>\n                                        <\/td>\n                                      <\/tr>\n                                    <\/tbody>\n                                  <\/table>\n\n                                  <\/a>\n                                <\/td>\n                              <\/tr>\n                            <\/tbody>\n                          <\/table>\n\n\n<!--[ fin Bloque NOTICIA]-->\n                        <\/td>\n<!--[Inicio bloque NOTICIA]-->\n                      <\/tr>\n\n                      <tr>\n                        <td valign=\"top\" style=\"border-bottom:1px solid #a1a1a1;\">\n                          <table cellspacing=\"0\" cellpadding=\"0\" width=\"100%\"><\/table>\n\n                          <table cellspacing=\"0\" cellpadding=\"0\">\n                            <tbody>\n                              <tr>\n                                <td cellspacing=\"0\" cellpadding=\"0\" width=\"100%\" style=\"background-color:#E0DFDF\">\n                                  <p style=\"font-size: 10pt; font-family: 'Roboto Condensed', sans-serif; line-height: 120%; padding: 5px; text-align: center\"><a style=\"font-size: 10pt; font-family: 'Roboto Condensed', sans-serif; line-height: 120%; font-weight: 600; padding: 5px;\">FuturaCamp 2025 \u2013 edici\u00f3n ClimaTech<\/a><\/p>\n                                <\/td>\n                              <\/tr>\n                            <\/tbody>\n                          <\/table>\n\n                          <table cellspacing=\"0\" cellpadding=\"0\" width=\"100%\">\n                            <tbody>\n                              <tr>\n                                <td>\n                                  &#160;\n                                <\/td>\n\n                                <td>\n                                  <p style=\"font-size: 10pt; font-family: 'Roboto Condensed', sans-serif; line-height: 120%; font-weight: 300; padding: 0px;\"><strong>Resumen<\/strong><br\/> <a style=\"font-size: 10pt; font-family: 'Roboto Condensed', sans-serif; line-height: 120%; font-weight: 300; padding: 0px;\">FuturaCamp es una experiencia inmersiva dise\u00f1ada para mujeres y diversidades estudiantes de carreras STEM, donde trabajar\u00e1s en soluciones tecnol\u00f3gicas para mitigar el cambio clim\u00e1tico.\nDurante el evento, los equipos colaborar\u00e1n en desaf\u00edos de innovaci\u00f3n tecnol\u00f3gica, aplicando metodolog\u00edas \u00e1giles y dise\u00f1o de soluciones digitales. Tambi\u00e9n habr\u00e1 charlas inspiradoras, mentor\u00edas con mujeres l\u00edderes del sector y espacios de networking para impulsar el desarrollo personal y profesional de cada participante.<\/a><\/p>\n\n                                  <p style=\"font-size: 10pt; font-family: 'Roboto Condensed', sans-serif; line-height: 120%; font-weight: 300; padding: 0px; margin: 5 0 5 0px;\">Pa\u00eds\/Instituci\u00f3n: UNC<\/p>\n\n                                  <p style=\"font-size: 10pt; font-family: 'Roboto Condensed', sans-serif; line-height: 120%; font-weight: 300; padding: 0px; margin: 5 0 5 0px;\">Fecha de cierre: 26 y 27 de abril de 2025<\/p>\n\n                                  <a href=\"https:\/\/mujeresentecnologia.org\/futuracamp\/\"> \n\n                                  <table cellspacing=\"0\" cellpadding=\"0\" width=\"100%\">\n                                    <tbody>\n                                      <tr>\n                                        <td style=\"background-color:#5ACDF4;display:inline-block;font-family: 'Roboto Condensed', sans-serif;font-weight:bold;font-size:13px;line-height:33px;text-align:center;width:150px;-webkit-text-size-adjust:none;mso-hide:all;\">\n                                          <span style=\"color:#ffffff\">Ver m\u00e1s<\/span>\n                                        <\/td>\n                                      <\/tr>\n                                    <\/tbody>\n                                  <\/table>\n\n                                  <\/a>\n                                <\/td>\n                              <\/tr>\n                            <\/tbody>\n                          <\/table>\n\n\n<!--[ fin Bloque NOTICIA]-->\n                        <\/td>\n<!--[Inicio bloque NOTICIA]-->\n                      <\/tr>\n\n                      <tr>\n                        <td valign=\"top\" style=\"border-bottom:1px solid #a1a1a1;\">\n                          <table cellspacing=\"0\" cellpadding=\"0\" width=\"100%\"><\/table>\n\n                          <table cellspacing=\"0\" cellpadding=\"0\">\n                            <tbody>\n                              <tr>\n                                <td cellspacing=\"0\" cellpadding=\"0\" width=\"100%\" style=\"background-color:#E0DFDF\">\n                                  <p style=\"font-size: 10pt; font-family: 'Roboto Condensed', sans-serif; line-height: 120%; padding: 5px; text-align: center\"><a style=\"font-size: 10pt; font-family: 'Roboto Condensed', sans-serif; line-height: 120%; font-weight: 600; padding: 5px;\">Premio Arcor a la Innovaci\u00f3n<\/a><\/p>\n                                <\/td>\n                              <\/tr>\n                            <\/tbody>\n                          <\/table>\n\n                          <table cellspacing=\"0\" cellpadding=\"0\" width=\"100%\">\n                            <tbody>\n                              <tr>\n                                <td>\n                                  &#160;\n                                <\/td>\n\n                                <td>\n                                  <p style=\"font-size: 10pt; font-family: 'Roboto Condensed', sans-serif; line-height: 120%; font-weight: 300; padding: 0px;\"><strong>Resumen<\/strong><br\/> <a style=\"font-size: 10pt; font-family: 'Roboto Condensed', sans-serif; line-height: 120%; font-weight: 300; padding: 0px;\">Desde Grupo Arcor, junto a la Secretar\u00eda de Innovaci\u00f3n, Ciencia y Tecnolog\u00eda de la Naci\u00f3n y Fundaci\u00f3n Arcor, convocamos a la novena edici\u00f3n del Premio Arcor a la Innovaci\u00f3n.\nEsta iniciativa reconoce a emprendedores, investigadores, PYMES y organizaciones de la sociedad civil con proyectos innovadores para la industria de los alimentos. Las \u00e1reas de inter\u00e9s incluyen tecnolog\u00edas aplicadas a alimentos, agro y packaging.\nEl proyecto ganador recibir\u00e1 un premio de $15.000.000 para llevar a cabo su idea. Adem\u00e1s, todos los participantes que lleguen a la semifinal recibir\u00e1n capacitaciones y mentor\u00edas para fortalecer sus habilidades en la gesti\u00f3n de un emprendimiento.\nAdicionalmente, se otorgar\u00e1 la Menci\u00f3n Especial Fundaci\u00f3n Arcor, valorada en $7.000.000, a aquel proyecto que sea evaluado como el de mayor impacto social, para contribuir a la realizaci\u00f3n de la propuesta.<\/a><\/p>\n\n                                  <p style=\"font-size: 10pt; font-family: 'Roboto Condensed', sans-serif; line-height: 120%; font-weight: 300; padding: 0px; margin: 5 0 5 0px;\">Pa\u00eds\/Instituci\u00f3n: Grupo Arcor<\/p>\n\n                                  <p style=\"font-size: 10pt; font-family: 'Roboto Condensed', sans-serif; line-height: 120%; font-weight: 300; padding: 0px; margin: 5 0 5 0px;\">Fecha de cierre: 21 de abril de 2025<\/p>\n\n                                  <a href=\"https:\/\/www.arcor.com\/ar\/innovacion\"> \n\n                                  <table cellspacing=\"0\" cellpadding=\"0\" width=\"100%\">\n                                    <tbody>\n                                      <tr>\n                                        <td style=\"background-color:#5ACDF4;display:inline-block;font-family: 'Roboto Condensed', sans-serif;font-weight:bold;font-size:13px;line-height:33px;text-align:center;width:150px;-webkit-text-size-adjust:none;mso-hide:all;\">\n\n                                          <span style=\"color:#ffffff\">Ver m\u00e1s<\/span>\n                                        <\/td>\n                                      <\/tr>\n                                    <\/tbody>\n                                  <\/table>\n\n                                  <\/a>\n                                <\/td>\n                              <\/tr>\n                            <\/tbody>\n                          <\/table>\n\n\n<!--[ fin Bloque NOTICIA]-->\n                        <\/td>\n\n\n<!--[Inicio bloque NOTICIA]-->\n                      <\/tr>\n\n                      <tr>\n                        <td valign=\"top\" style=\"border-bottom:1px solid #a1a1a1;\">\n                          <table cellspacing=\"0\" cellpadding=\"0\" width=\"100%\"><\/table>\n\n                          <table cellspacing=\"0\" cellpadding=\"0\">\n                            <tbody>\n                              <tr>\n                                <td cellspacing=\"0\" cellpadding=\"0\" width=\"100%\" style=\"background-color:#E0DFDF\">\n                                  <p style=\"font-size: 10pt; font-family: 'Roboto Condensed', sans-serif; line-height: 120%; padding: 5px; text-align: center\"><a style=\"font-size: 10pt; font-family: 'Roboto Condensed', sans-serif; line-height: 120%; font-weight: 600; padding: 5px;\">Brazilian Seminars<\/a><\/p>\n                                <\/td>\n                              <\/tr>\n                            <\/tbody>\n                          <\/table>\n\n                          <table cellspacing=\"0\" cellpadding=\"0\" width=\"100%\">\n                            <tbody>\n                              <tr>\n                                <td>\n                                  &#160;\n                                <\/td>\n\n                                <td>\n                                  <p style=\"font-size: 10pt; font-family: 'Roboto Condensed', sans-serif; line-height: 120%; font-weight: 300; padding: 0px;\"><strong>Resumen<\/strong><br\/> <a style=\"font-size: 10pt; font-family: 'Roboto Condensed', sans-serif; line-height: 120%; font-weight: 300; padding: 0px;\">Brazil is one of the 10 largest economies in the world. With more than 200 million inhabitants, it has a domestic market that is steadily growing. It is a country with continental size territory, abundant natural resources and scenic landscapes. Although Brazil has a rich and diverse culture, a fascinating History it also struggles with urgent social challenges.\n\nThe Brazilian Seminars developed by PUC-Rio is an international summer school. It\u2019s an interdisciplinary program meant to give a broad perspective of Brazilian issues which are currently in the global scenario.\n\nIt is aimed at students, scholars, professionals and everyone else who is interested in the opportunity to deepen their knowledge about Brazil.\n\nDo you want to have a closer look at those features and many more? Then come and participate in our Brazilian Seminars Program! Broaden your knowledge while having fun socializing with people from different parts of the world, enjoying a vibrant urban lifestyle, and discovering the natural beauty of Rio.<\/a><\/p>\n\n                                  <p style=\"font-size: 10pt; font-family: 'Roboto Condensed', sans-serif; line-height: 120%; font-weight: 300; padding: 0px; margin: 5 0 5 0px;\">Pa\u00eds\/Instituci\u00f3n: PUC-Rio<\/p>\n\n                                  <p style=\"font-size: 10pt; font-family: 'Roboto Condensed', sans-serif; line-height: 120%; font-weight: 300; padding: 0px; margin: 5 0 5 0px;\">Fecha de cierre: 31 de mayo de 2025<\/p>\n\n                                  <a href=\"https:\/\/www.puc-rio.br\/ensinopesq\/ccci\/incoming\/brazilian_seminars.html\"> \n\n                                  <table cellspacing=\"0\" cellpadding=\"0\" width=\"100%\">\n                                    <tbody>\n                                      <tr>\n                                        <td style=\"background-color:#5ACDF4;display:inline-block;font-family: 'Roboto Condensed', sans-serif;font-weight:bold;font-size:13px;line-height:33px;text-align:center;width:150px;-webkit-text-size-adjust:none;mso-hide:all;\">\n\n\n                                          <span style=\"color:#ffffff\">Ver m\u00e1s<\/span>\n                                        <\/td>\n                                      <\/tr>\n                                    <\/tbody>\n                                  <\/table>\n\n                                  <\/a>\n                                <\/td>\n                              <\/tr>\n                            <\/tbody>\n                          <\/table>\n\n                        <\/td>\n                      <\/tr>\n<!--[fin bloque NOTICIA]-->\n\n<!--[Comienzo bloque EVENTOS]-->\n                      <tr cellspacing=\"0\" cellpadding=\"0\" align=\"center\">\n                        <td style=\"background-color:#24A6EE;display:inline-block;font-family: 'Roboto Condensed', sans-serif;font-weight:bold;font-size:13px;line-height:10px;text-align:center; width:92%;-webkit-text-size-adjust:none;mso-hide:all;border-bottom:1px solid #a1a1a1;\">\n                          <a style=\"color:#ffffff; text-align: center\">EVENTOS <\/a>\n                        <\/td>\n                      <\/tr>\n\n<!--[ cierre SEPARADOR]-->\n\n                      <tr>\n<!--[Inicio bloque NOTICIA]-->\n                      <\/tr>\n\n                      <tr>\n                        <td valign=\"top\" style=\"border-bottom:1px solid #a1a1a1;\">\n                          <table cellspacing=\"0\" cellpadding=\"0\" width=\"100%\"><\/table>\n\n                          <table cellspacing=\"0\" cellpadding=\"0\">\n                            <tbody>\n                              <tr>\n                                <td cellspacing=\"0\" cellpadding=\"0\" width=\"100%\" style=\"background-color:#E0DFDF\">\n                                  <p style=\"font-size: 10pt; font-family: 'Roboto Condensed', sans-serif; line-height: 120%; padding: 5px; text-align: center\"><a style=\"font-size: 10pt; font-family: 'Roboto Condensed', sans-serif; line-height: 120%; font-weight: 600; padding: 5px;\">Lanzamiento del Programa Creando Capacidades Locales &#8211; Entre R\u00edos<\/a><\/p>\n                                <\/td>\n                              <\/tr>\n                            <\/tbody>\n                          <\/table>\n\n                          <table cellspacing=\"0\" cellpadding=\"0\" width=\"100%\">\n                            <tbody>\n                              <tr>\n                                <td>\n                                  &#160;\n                                <\/td>\n\n                                <td>\n                                  <p style=\"font-size: 10pt; font-family: 'Roboto Condensed', sans-serif; line-height: 120%; font-weight: 300; padding: 0px;\"><strong>Resumen<\/strong><br\/> <a style=\"font-size: 10pt; font-family: 'Roboto Condensed', sans-serif; line-height: 120%; font-weight: 300; padding: 0px;\">Acompa\u00f1anos en la presentaci\u00f3n de Creando Capacidades Locales, un programa dise\u00f1ado para fortalecer la empleabilidad y el desarrollo PyME y emprendedor en la provincia a trav\u00e9s de la capacitaci\u00f3n y la generaci\u00f3n de oportunidades de vinculaci\u00f3n con el sector privado.\nEl Programa \u201cCreando Capacidades Locales\u201d busca potenciar el empleo y el desarrollo emprendedor a trav\u00e9s de la capacitaci\u00f3n y las oportunidades de vinculaci\u00f3n con el sector privado a partir de las necesidades actuales y futuras de la provincia.\n<\/a><\/p>\n\n                                  <p style=\"font-size: 10pt; font-family: 'Roboto Condensed', sans-serif; line-height: 120%; font-weight: 300; padding: 0px; margin: 5 0 5 0px;\">Pa\u00eds\/Instituci\u00f3n: Federaci\u00f3n Econ\u00f3mica de Entre R\u00edos<\/p>\n\n                                  <p style=\"font-size: 10pt; font-family: 'Roboto Condensed', sans-serif; line-height: 120%; font-weight: 300; padding: 0px; margin: 5 0 5 0px;\">Fecha: 21 de marzo de 2025<\/p>\n\n                                  <a href=\"https:\/\/docs.google.com\/forms\/d\/e\/1FAIpQLSdlGsoOO9zFoPnZVncFweKGtpaB_-_94oBhJ7sr8x46EgHaJQ\/viewform\"> \n\n                                  <table cellspacing=\"0\" cellpadding=\"0\" width=\"100%\">\n                                    <tbody>\n                                      <tr>\n                                        <td style=\"background-color:#5ACDF4;display:inline-block;font-family: 'Roboto Condensed', sans-serif;font-weight:bold;font-size:13px;line-height:33px;text-align:center;width:150px;-webkit-text-size-adjust:none;mso-hide:all;\">\n                                          <span style=\"color:#ffffff\">Ver m\u00e1s<\/span>\n                                        <\/td>\n                                      <\/tr>\n                                    <\/tbody>\n                                  <\/table>\n\n                                  <\/a>\n                                <\/td>\n                              <\/tr>\n                            <\/tbody>\n                          <\/table>\n\n\n<!--[ fin Bloque NOTICIA]-->\n                        <\/td>\n<!--[Inicio bloque NOTICIA]-->\n                      <\/tr>\n\n                      <tr>\n                        <td valign=\"top\" style=\"border-bottom:1px solid #a1a1a1;\">\n                          <table cellspacing=\"0\" cellpadding=\"0\" width=\"100%\"><\/table>\n\n                          <table cellspacing=\"0\" cellpadding=\"0\">\n                            <tbody>\n                              <tr>\n                                <td cellspacing=\"0\" cellpadding=\"0\" width=\"100%\" style=\"background-color:#E0DFDF\">\n                                  <p style=\"font-size: 10pt; font-family: 'Roboto Condensed', sans-serif; line-height: 120%; padding: 5px; text-align: center\"><a style=\"font-size: 10pt; font-family: 'Roboto Condensed', sans-serif; line-height: 120%; font-weight: 600; padding: 5px;\">Implementing digital health technologies for patient-centred trials<\/a><\/p>\n                                <\/td>\n                              <\/tr>\n                            <\/tbody>\n                          <\/table>\n\n                          <table cellspacing=\"0\" cellpadding=\"0\" width=\"100%\">\n                            <tbody>\n                              <tr>\n                                <td>\n                                  &#160;\n                                <\/td>\n\n                                <td>\n                                  <p style=\"font-size: 10pt; font-family: 'Roboto Condensed', sans-serif; line-height: 120%; font-weight: 300; padding: 0px;\"><strong>Resumen<\/strong><br\/> <a style=\"font-size: 10pt; font-family: 'Roboto Condensed', sans-serif; line-height: 120%; font-weight: 300; padding: 0px;\">Increasing technological advances have the ability to impact many facets of drug development. Digital health technologies (DHTs) continue to improve the ability to reach more diverse patients, capture data continuously and passively outside traditional trial sites, and help create a more comprehensive understanding of patients\u2019 lived experiences. Therefore, it is critical to understand how to select the most fit-for-purpose technology to de-risk trial operations and regulatory approval.\nGrounded in a measures-first approach, which puts the most meaningful aspects of health at the forefront of protocol development, this webinar will cover how to identify, select and implement DHTs using evidence-backed insights. The expert speakers will review recent regulatory guidance for the use of DHTs in clinical research and expand on existing frameworks and industry standards that allow for confident decision-making in selecting fit-for-purpose technologies.<\/a><\/p>\n\n                                  <p style=\"font-size: 10pt; font-family: 'Roboto Condensed', sans-serif; line-height: 120%; font-weight: 300; padding: 0px; margin: 5 0 5 0px;\">Pa\u00eds\/Instituci\u00f3n: Xtalks<\/p>\n\n                                  <p style=\"font-size: 10pt; font-family: 'Roboto Condensed', sans-serif; line-height: 120%; font-weight: 300; padding: 0px; margin: 5 0 5 0px;\">Fecha: 25 de marzo de 2025<\/p>\n\n                                  <a href=\"https:\/\/www.eventbrite.com.ar\/e\/implementing-digital-health-technologies-for-patient-centred-trials-tickets-1267839555239?keep_tld=1\"> \n\n                                  <table cellspacing=\"0\" cellpadding=\"0\" width=\"100%\">\n                                    <tbody>\n                                      <tr>\n                                        <td style=\"background-color:#5ACDF4;display:inline-block;font-family: 'Roboto Condensed', sans-serif;font-weight:bold;font-size:13px;line-height:33px;text-align:center;width:150px;-webkit-text-size-adjust:none;mso-hide:all;\">\n                                          <span style=\"color:#ffffff\">Ver m\u00e1s<\/span>\n                                        <\/td>\n                                      <\/tr>\n                                    <\/tbody>\n                                  <\/table>\n\n                                  <\/a>\n                                <\/td>\n                              <\/tr>\n                            <\/tbody>\n                          <\/table>\n\n\n<!--[ fin Bloque NOTICIA]-->\n                        <\/td>\n\n\n<!--[Inicio bloque NOTICIA]-->\n                      <\/tr>\n\n                      <tr>\n                        <td valign=\"top\" style=\"border-bottom:1px solid #a1a1a1;\">\n                          <table cellspacing=\"0\" cellpadding=\"0\" width=\"100%\"><\/table>\n\n                          <table cellspacing=\"0\" cellpadding=\"0\">\n                            <tbody>\n                              <tr>\n                                <td cellspacing=\"0\" cellpadding=\"0\" width=\"100%\" style=\"background-color:#E0DFDF\">\n                                  <p style=\"font-size: 10pt; font-family: 'Roboto Condensed', sans-serif; line-height: 120%; padding: 5px; text-align: center\"><a style=\"font-size: 10pt; font-family: 'Roboto Condensed', sans-serif; line-height: 120%; font-weight: 600; padding: 5px;\">Women in Tech Global Conference 2025<\/a><\/p>\n                                <\/td>\n                              <\/tr>\n                            <\/tbody>\n                          <\/table>\n\n                          <table cellspacing=\"0\" cellpadding=\"0\" width=\"100%\">\n                            <tbody>\n                              <tr>\n                                <td>\n                                  &#160;\n                                <\/td>\n\n                                <td>\n                                  <p style=\"font-size: 10pt; font-family: 'Roboto Condensed', sans-serif; line-height: 120%; font-weight: 300; padding: 0px;\"><strong>Resumen<\/strong><br\/> <a style=\"font-size: 10pt; font-family: 'Roboto Condensed', sans-serif; line-height: 120%; font-weight: 300; padding: 0px;\">The Women in Tech Conference is aiming to bring together once again 150,000 women from all over the world in a primarily virtual conference with satellite in-person events.\nThe theme for this year\u2019s conference is further expanding on Technology Leadership, Tech Innovation, Career Growth, and how we can make an impact and shape the future together. These topics will be addressed in the form of three virtual and one in-person summit as well as various side events across various locations in North America and Europe.<\/a><\/p>\n\n                                  <p style=\"font-size: 10pt; font-family: 'Roboto Condensed', sans-serif; line-height: 120%; font-weight: 300; padding: 0px; margin: 5 0 5 0px;\">Pa\u00eds\/Instituci\u00f3n: Women in Tech<\/p>\n\n                                  <p style=\"font-size: 10pt; font-family: 'Roboto Condensed', sans-serif; line-height: 120%; font-weight: 300; padding: 0px; margin: 5 0 5 0px;\">Fecha: 20 al 22 de marzo de 2025<\/p>\n\n                                  <a href=\"https:\/\/www.eventbrite.com.ar\/e\/women-in-tech-global-conference-2025-tickets-976103440667?keep_tld=1\"> \n\n                                  <table cellspacing=\"0\" cellpadding=\"0\" width=\"100%\">\n                                    <tbody>\n                                      <tr>\n                                        <td style=\"background-color:#5ACDF4;display:inline-block;font-family: 'Roboto Condensed', sans-serif;font-weight:bold;font-size:13px;line-height:33px;text-align:center;width:150px;-webkit-text-size-adjust:none;mso-hide:all;\">\n                                          <span style=\"color:#ffffff\">Ver m\u00e1s<\/span>\n                                        <\/td>\n                                      <\/tr>\n                                    <\/tbody>\n                                  <\/table>\n\n                                  <\/a>\n                                <\/td>\n                              <\/tr>\n                            <\/tbody>\n                          <\/table>\n\n\n<!--[ fin Bloque NOTICIA]-->\n                        <\/td>\n\n<!--[Inicio bloque NOTICIA]-->\n                      <\/tr>\n\n                      <tr>\n                        <td valign=\"top\" style=\"border-bottom:1px solid #a1a1a1;\">\n                          <table cellspacing=\"0\" cellpadding=\"0\" width=\"100%\"><\/table>\n\n                          <table cellspacing=\"0\" cellpadding=\"0\">\n                            <tbody>\n                              <tr>\n                                <td cellspacing=\"0\" cellpadding=\"0\" width=\"100%\" style=\"background-color:#E0DFDF\">\n                                  <p style=\"font-size: 10pt; font-family: 'Roboto Condensed', sans-serif; line-height: 120%; padding: 5px; text-align: center\"><a style=\"font-size: 10pt; font-family: 'Roboto Condensed', sans-serif; line-height: 120%; font-weight: 600; padding: 5px;\">Transforming Health Through Digital Tools<\/a><\/p>\n                                <\/td>\n                              <\/tr>\n                            <\/tbody>\n                          <\/table>\n\n                          <table cellspacing=\"0\" cellpadding=\"0\" width=\"100%\">\n                            <tbody>\n                              <tr>\n                                <td>\n                                  &#160;\n                                <\/td>\n\n                                <td>\n                                  <p style=\"font-size: 10pt; font-family: 'Roboto Condensed', sans-serif; line-height: 120%; font-weight: 300; padding: 0px;\"><strong>Resumen<\/strong><br\/> <a style=\"font-size: 10pt; font-family: 'Roboto Condensed', sans-serif; line-height: 120%; font-weight: 300; padding: 0px;\">Join us for our monthly Symposium. Hear from experts in the field about the latest in digital health tech innovation, and how it is leveling the playing field of health equity around the globe.\nYou will be treated to a rapid fire of panel discussions, interviews, and keynote speakers from leaders and innovators in the digital health space, which will leave you armed with insights and learnings from the frontlines of health and human rights.\nThis three-hour digital health conference is perfect for anyone interested in healthtech startups, pharmaceuticals, medical and humanitarian development, health equity, public health, or students from sustainable development, medical fields, or tech\/engineering backgrounds.\nAttendees will also have opportunities to network and interact with dozens of professionals from across the healthcare ecosystem during the event and in supplemental breakout rooms following the symposium! All registrants will be given the zoom link to log in to the post symposium meeting via email and the link will be made available to attendees throughout the event.<\/a><\/p>\n\n                                  <p style=\"font-size: 10pt; font-family: 'Roboto Condensed', sans-serif; line-height: 120%; font-weight: 300; padding: 0px; margin: 5 0 5 0px;\">Pa\u00eds\/Instituci\u00f3n: HITLAB <\/p>\n\n                                  <p style=\"font-size: 10pt; font-family: 'Roboto Condensed', sans-serif; line-height: 120%; font-weight: 300; padding: 0px; margin: 5 0 5 0px;\">Fecha: 27 de marzo de 2025<\/p>\n\n                                  <a href=\"https:\/\/www.eventbrite.com.ar\/e\/hitlab-march-symposium-2025-transforming-health-through-digital-tools-tickets-1246643768069?keep_tld=1\"> \n\n                                  <table cellspacing=\"0\" cellpadding=\"0\" width=\"100%\">\n                                    <tbody>\n                                      <tr>\n                                        <td style=\"background-color:#5ACDF4;display:inline-block;font-family: 'Roboto Condensed', sans-serif;font-weight:bold;font-size:13px;line-height:33px;text-align:center;width:150px;-webkit-text-size-adjust:none;mso-hide:all;\">\n                                          <span style=\"color:#ffffff\">Ver m\u00e1s<\/span>\n                                        <\/td>\n                                      <\/tr>\n                                    <\/tbody>\n                                  <\/table>\n\n                                  <\/a>\n                                <\/td>\n                              <\/tr>\n                            <\/tbody>\n                          <\/table>\n\n                        <\/td>\n                      <\/tr>\n<!--[fin bloque NOTICIA]-->\n\n\n<!--[Comienzo bloque CURSOS]-->\n                      <tr cellspacing=\"0\" cellpadding=\"0\" align=\"center\">\n                        <td style=\"background-color:#24A6EE;display:inline-block;font-family: 'Roboto Condensed', sans-serif;font-weight:bold;font-size:13px;line-height:10px;text-align:center; width:92%;-webkit-text-size-adjust:none;mso-hide:all;border-bottom:1px solid #a1a1a1;\">\n                          <a style=\"color:#ffffff; text-align: center\">CURSOS <\/a>\n                        <\/td>\n                      <\/tr>\n\n<!--[ cierre SEPARADOR]-->\n\n                      <tr>\n\n\n<!--[Inicio bloque NOTICIA]-->\n                      <\/tr>\n\n                      <tr>\n                        <td valign=\"top\" style=\"border-bottom:1px solid #a1a1a1;\">\n                          <table cellspacing=\"0\" cellpadding=\"0\" width=\"100%\"><\/table>\n\n                          <table cellspacing=\"0\" cellpadding=\"0\">\n                            <tbody>\n                              <tr>\n                                <td cellspacing=\"0\" cellpadding=\"0\" width=\"100%\" style=\"background-color:#E0DFDF\">\n                                  <p style=\"font-size: 10pt; font-family: 'Roboto Condensed', sans-serif; line-height: 120%; padding: 5px; text-align: center\"><a style=\"font-size: 10pt; font-family: 'Roboto Condensed', sans-serif; line-height: 120%; font-weight: 600; padding: 5px;\">Taller de marcas<\/a><\/p>\n                                <\/td>\n                              <\/tr>\n                            <\/tbody>\n                          <\/table>\n\n                          <table cellspacing=\"0\" cellpadding=\"0\" width=\"100%\">\n                            <tbody>\n                              <tr>\n                                <td>\n                                  &#160;\n                                <\/td>\n\n                                <td>\n                                  <p style=\"font-size: 10pt; font-family: 'Roboto Condensed', sans-serif; line-height: 120%; font-weight: 300; padding: 0px;\"><strong>Resumen<\/strong><br\/> <a style=\"font-size: 10pt; font-family: 'Roboto Condensed', sans-serif; line-height: 120%; font-weight: 300; padding: 0px;\">Si te interesa conocer el concepto de marca, su r\u00e9gimen legal y c\u00f3mo llevar a cabo el proceso de registro, an\u00f3tate en este taller. Adem\u00e1s, aprender\u00e1s a utilizar el portal de tr\u00e1mites.\nFecha: 25 de marzo de 2025\nModalidad: 100% Virtual\nHora: 10:00 &#8211; 12:00\nDisertante: Dra. Daniela Ba\u00f1os<\/a><\/p>\n\n                                  <p style=\"font-size: 10pt; font-family: 'Roboto Condensed', sans-serif; line-height: 120%; font-weight: 300; padding: 0px; margin: 5 0 5 0px;\">Pa\u00eds\/Instituci\u00f3n: INPI<\/p>\n\n                                  <p style=\"font-size: 10pt; font-family: 'Roboto Condensed', sans-serif; line-height: 120%; font-weight: 300; padding: 0px; margin: 5 0 5 0px;\">Fecha: 25 de marzo de 2025<\/p>\n\n                                  <a href=\"https:\/\/docs.google.com\/forms\/d\/e\/1FAIpQLSfxDMptuOpEP59V81xp-Tjr4R0He0AVLUAvMWxONmSKUuZgNQ\/viewform\"> \n\n                                  <table cellspacing=\"0\" cellpadding=\"0\" width=\"100%\">\n                                    <tbody>\n                                      <tr>\n                                        <td style=\"background-color:#5ACDF4;display:inline-block;font-family: 'Roboto Condensed', sans-serif;font-weight:bold;font-size:13px;line-height:33px;text-align:center;width:150px;-webkit-text-size-adjust:none;mso-hide:all;\">\n                                          <span style=\"color:#ffffff\">Ver m\u00e1s<\/span>\n                                        <\/td>\n                                      <\/tr>\n                                    <\/tbody>\n                                  <\/table>\n\n                                  <\/a>\n                                <\/td>\n                              <\/tr>\n                            <\/tbody>\n                          <\/table>\n\n\n<!--[ fin Bloque NOTICIA]-->\n                        <\/td>\n\n<!--[Inicio bloque NOTICIA]-->\n                      <\/tr>\n\n                      <tr>\n                        <td valign=\"top\" style=\"border-bottom:1px solid #a1a1a1;\">\n                          <table cellspacing=\"0\" cellpadding=\"0\" width=\"100%\"><\/table>\n\n                          <table cellspacing=\"0\" cellpadding=\"0\">\n                            <tbody>\n                              <tr>\n                                <td cellspacing=\"0\" cellpadding=\"0\" width=\"100%\" style=\"background-color:#E0DFDF\">\n                                  <p style=\"font-size: 10pt; font-family: 'Roboto Condensed', sans-serif; line-height: 120%; padding: 5px; text-align: center\"><a style=\"font-size: 10pt; font-family: 'Roboto Condensed', sans-serif; line-height: 120%; font-weight: 600; padding: 5px;\">Bioestad\u00edstica aplicada a investigaciones en salud<\/a><\/p>\n                                <\/td>\n                              <\/tr>\n                            <\/tbody>\n                          <\/table>\n\n                          <table cellspacing=\"0\" cellpadding=\"0\" width=\"100%\">\n                            <tbody>\n                              <tr>\n                                <td>\n                                  &#160;\n                                <\/td>\n\n                                <td>\n                                  <p style=\"font-size: 10pt; font-family: 'Roboto Condensed', sans-serif; line-height: 120%; font-weight: 300; padding: 0px;\"><strong>Resumen<\/strong><br\/> <a style=\"font-size: 10pt; font-family: 'Roboto Condensed', sans-serif; line-height: 120%; font-weight: 300; padding: 0px;\">Objetivo General: Desarrollar competencias estad\u00edsticas para su empleo en estudios cient\u00edficos e investigaciones en salud.\nDestinatarios: Profesionales de la Salud.\nRequisitos de formaci\u00f3n previa de las\/los inscriptos: Conocimientos b\u00e1sicos de estad\u00edstica descriptiva e inferencial.\nModalidad: H\u00edbrida.<\/a><\/p>\n\n                                  <p style=\"font-size: 10pt; font-family: 'Roboto Condensed', sans-serif; line-height: 120%; font-weight: 300; padding: 0px; margin: 5 0 5 0px;\">Pa\u00eds\/Instituci\u00f3n: UNL<\/p>\n\n                                  <p style=\"font-size: 10pt; font-family: 'Roboto Condensed', sans-serif; line-height: 120%; font-weight: 300; padding: 0px; margin: 5 0 5 0px;\">Fecha: 30 de marzo de 2025<\/p>\n\n                                  <a href=\"https:\/\/acortar.link\/t076yj\"> \n\n                                  <table cellspacing=\"0\" cellpadding=\"0\" width=\"100%\">\n                                    <tbody>\n                                      <tr>\n                                        <td style=\"background-color:#5ACDF4;display:inline-block;font-family: 'Roboto Condensed', sans-serif;font-weight:bold;font-size:13px;line-height:33px;text-align:center;width:150px;-webkit-text-size-adjust:none;mso-hide:all;\">\n                                          <span style=\"color:#ffffff\">Ver m\u00e1s<\/span>\n                                        <\/td>\n                                      <\/tr>\n                                    <\/tbody>\n                                  <\/table>\n\n                                  <\/a>\n                                <\/td>\n                              <\/tr>\n                            <\/tbody>\n                          <\/table>\n\n\n<!--[ fin Bloque NOTICIA]--> \n\n<!--[ SEPARADOR TEMA]-->   <!--[ Comienzo bloque WEBINARS]-->\n\n                        <\/td>\n                      <\/tr>\n\n                      <tr cellspacing=\"0\" cellpadding=\"0\" align=\"center\">\n                        <td style=\"background-color:#24A6EE;display:inline-block;font-family: 'Roboto Condensed', sans-serif;font-weight:bold;font-size:13px;line-height:10px;text-align:center; width:92%;-webkit-text-size-adjust:none;mso-hide:all;border-bottom:1px solid #a1a1a1;\">\n<a style=\"color:#ffffff; text-align: center\">WEBINARS <br\/> <\/a> \n                        <\/td>\n                      <\/tr>\n\n<!--[ cierre SEPARADOR]-->\n\n                      <tr>\n\n<!--[Inicio bloque NOTICIA]-->\n                      <\/tr>\n\n                      <tr>\n                        <td valign=\"top\" style=\"border-bottom:1px solid #a1a1a1;\">\n                          <table cellspacing=\"0\" cellpadding=\"0\" width=\"100%\"><\/table>\n\n                          <table cellspacing=\"0\" cellpadding=\"0\">\n                            <tbody>\n                              <tr>\n                                <td cellspacing=\"0\" cellpadding=\"0\" width=\"100%\" style=\"background-color:#E0DFDF\">\n                                  <p style=\"font-size: 10pt; font-family: 'Roboto Condensed', sans-serif; line-height: 120%; padding: 5px; text-align: center\"><a style=\"font-size: 10pt; font-family: 'Roboto Condensed', sans-serif; line-height: 120%; font-weight: 600; padding: 5px;\">Dive into the French Digital Health Market<\/a><\/p>\n                                <\/td>\n                              <\/tr>\n                            <\/tbody>\n                          <\/table>\n\n                          <table cellspacing=\"0\" cellpadding=\"0\" width=\"100%\">\n                            <tbody>\n                              <tr>\n                                <td>\n                                  &#160;\n                                <\/td>\n\n                                <td>\n                                  <p style=\"font-size: 10pt; font-family: 'Roboto Condensed', sans-serif; line-height: 120%; font-weight: 300; padding: 0px;\"><strong>Resumen<\/strong><br\/> <a style=\"font-size: 10pt; font-family: 'Roboto Condensed', sans-serif; line-height: 120%; font-weight: 300; padding: 0px;\">Unlock the French Healthcare Market:\nLooking to expand your digital health solutions into France? Join this session to discover key insights, strategies, and solutions for navigating one of Europe\u2019s most exciting healthcare markets.\nDive into an online session packed with great content about: The French Healthcare System, Reimbursement Pathways, Procurement Opportunities and Market Entry Solutions.\n<\/a><\/p>\n\n                                  <p style=\"font-size: 10pt; font-family: 'Roboto Condensed', sans-serif; line-height: 120%; font-weight: 300; padding: 0px; margin: 5 0 5 0px;\">Pa\u00eds\/Instituci\u00f3n: Health Tech Hub Copenhagen<\/p>\n\n                                  <p style=\"font-size: 10pt; font-family: 'Roboto Condensed', sans-serif; line-height: 120%; font-weight: 300; padding: 0px; margin: 5 0 5 0px;\">Fecha de cierre: 27 de marzo de 2025<\/p>\n\n                                  <a href=\"https:\/\/www.eventbrite.com.ar\/e\/dive-into-the-french-digital-health-market-tickets-1115250166269?keep_tld=1\"> \n\n                                  <table cellspacing=\"0\" cellpadding=\"0\" width=\"100%\">\n                                    <tbody>\n                                      <tr>\n                                        <td style=\"background-color:#5ACDF4;display:inline-block;font-family: 'Roboto Condensed', sans-serif;font-weight:bold;font-size:13px;line-height:33px;text-align:center;width:150px;-webkit-text-size-adjust:none;mso-hide:all;\">\n                                          <span style=\"color:#ffffff\">Ver m\u00e1s<\/span>\n                                        <\/td>\n                                      <\/tr>\n                                    <\/tbody>\n                                  <\/table>\n\n                                  <\/a>\n                                <\/td>\n                              <\/tr>\n                            <\/tbody>\n                          <\/table>\n\n\n<!--[ fin Bloque NOTICIA]-->\n                        <\/td>\n\n<!--[Inicio bloque NOTICIA]-->\n                      <\/tr>\n\n                      <tr>\n                        <td valign=\"top\" style=\"border-bottom:1px solid #a1a1a1;\">\n                          <table cellspacing=\"0\" cellpadding=\"0\" width=\"100%\"><\/table>\n\n                          <table cellspacing=\"0\" cellpadding=\"0\">\n                            <tbody>\n                              <tr>\n                                <td cellspacing=\"0\" cellpadding=\"0\" width=\"100%\" style=\"background-color:#E0DFDF\">\n                                  <p style=\"font-size: 10pt; font-family: 'Roboto Condensed', sans-serif; line-height: 120%; padding: 5px; text-align: center\"><a style=\"font-size: 10pt; font-family: 'Roboto Condensed', sans-serif; line-height: 120%; font-weight: 600; padding: 5px;\">HITLAB Women&#8217;s Health Tech<\/a><\/p>\n                                <\/td>\n                              <\/tr>\n                            <\/tbody>\n                          <\/table>\n\n                          <table cellspacing=\"0\" cellpadding=\"0\" width=\"100%\">\n                            <tbody>\n                              <tr>\n                                <td>\n                                  &#160;\n                                <\/td>\n\n                                <td>\n                                  <p style=\"font-size: 10pt; font-family: 'Roboto Condensed', sans-serif; line-height: 120%; font-weight: 300; padding: 0px;\"><strong>Resumen<\/strong><br\/> <a style=\"font-size: 10pt; font-family: 'Roboto Condensed', sans-serif; line-height: 120%; font-weight: 300; padding: 0px;\">Join us for an exclusive conversation with Karen Habercross, Vice President, Chief Information Security and Privacy Officer, UChicago Medicine .\n\nWomen\u2019s Health Tech Wednesdays are designed to engage and inspire innovation within the healthcare community. All are welcome to participate in the weekly event, which will consist of a brief interview, followed by a live QandA. We aim to facilitate connections and inspire change within the women&#8217;s healthcare industry.<\/a><\/p>\n\n                                  <p style=\"font-size: 10pt; font-family: 'Roboto Condensed', sans-serif; line-height: 120%; font-weight: 300; padding: 0px; margin: 5 0 5 0px;\">Pa\u00eds\/Instituci\u00f3n: HITLAB <\/p>\n                                  \n                                  <p style=\"font-size: 10pt; font-family: 'Roboto Condensed', sans-serif; line-height: 120%; font-weight: 300; padding: 0px; margin: 5 0 5 0px;\">Fecha: 26 de marzo de 2025<\/p>\n                                  \n\t\t\t\t\t\t\t\t  <a href=\"https:\/\/www.eventbrite.com.ar\/e\/hitlab-womens-health-tech-wednesday-karen-habercross-tickets-1267432517779?keep_tld=1\"> \n\n                                  <table cellspacing=\"0\" cellpadding=\"0\" width=\"100%\">\n                                    <tbody>\n                                      <tr>\n                                        <td style=\"background-color:#5ACDF4;display:inline-block;font-family: 'Roboto Condensed', sans-serif;font-weight:bold;font-size:13px;line-height:33px;text-align:center;width:150px;-webkit-text-size-adjust:none;mso-hide:all;\">\n                                          <span style=\"color:#ffffff\">Ver m\u00e1s<\/span>\n                                        <\/td>\n                                      <\/tr>\n                                    <\/tbody>\n                                  <\/table>\n\n                                  <\/a>\n                                <\/td>\n                              <\/tr>\n                            <\/tbody>\n                          <\/table>\n\n<!--[ fin Bloque NOTICIA]--> \n\n<!--[ SEPARADOR TEMA]-->   <!--[ Comienzo bloque PUBLICACIONES]-->\n","protected":false},"excerpt":{"rendered":"<p>Alertas Tecnolog\u00edas M\u00e9dicas Sistema de Alertas del CiEV CONVOCATORIAS 2SEH2Bioinfo 2025 &#160; Resumen En este formulario podr\u00e1s inscribirte al Segundo Simposio de Estudiantes Hispanohablantes de Bioinform\u00e1tica y Biolog\u00eda Computacional que tendr\u00e1 lugar el 1 y 2 de Abril del 2025 en formato VIRTUAL y completamente GRATUITO. Pa\u00eds\/Instituci\u00f3n: Comunidad de Estudiantes Hispanohablantes de Bioinform\u00e1tica y Biolog\u00eda [&hellip;]<\/p>\n","protected":false},"author":3,"featured_media":1202,"comment_status":"closed","ping_status":"open","sticky":false,"template":"elementor_theme","format":"standard","meta":{"site-sidebar-layout":"default","site-content-layout":"","ast-site-content-layout":"default","site-content-style":"default","site-sidebar-style":"default","ast-global-header-display":"","ast-banner-title-visibility":"","ast-main-header-display":"","ast-hfb-above-header-display":"","ast-hfb-below-header-display":"","ast-hfb-mobile-header-display":"","site-post-title":"disabled","ast-breadcrumbs-content":"","ast-featured-img":"","footer-sml-layout":"","theme-transparent-header-meta":"","adv-header-id-meta":"","stick-header-meta":"","header-above-stick-meta":"","header-main-stick-meta":"","header-below-stick-meta":"","astra-migrate-meta-layouts":"set","ast-page-background-enabled":"default","ast-page-background-meta":{"desktop":{"background-color":"var(--ast-global-color-4)","background-image":"","background-repeat":"repeat","background-position":"center center","background-size":"auto","background-attachment":"scroll","background-type":"","background-media":"","overlay-type":"","overlay-color":"","overlay-gradient":""},"tablet":{"background-color":"","background-image":"","background-repeat":"repeat","background-position":"center center","background-size":"auto","background-attachment":"scroll","background-type":"","background-media":"","overlay-type":"","overlay-color":"","overlay-gradient":""},"mobile":{"background-color":"","background-image":"","background-repeat":"repeat","background-position":"center center","background-size":"auto","background-attachment":"scroll","background-type":"","background-media":"","overlay-type":"","overlay-color":"","overlay-gradient":""}},"ast-content-background-meta":{"desktop":{"background-color":"var(--ast-global-color-5)","background-image":"","background-repeat":"repeat","background-position":"center center","background-size":"auto","background-attachment":"scroll","background-type":"","background-media":"","overlay-type":"","overlay-color":"","overlay-gradient":""},"tablet":{"background-color":"var(--ast-global-color-5)","background-image":"","background-repeat":"repeat","background-position":"center center","background-size":"auto","background-attachment":"scroll","background-type":"","background-media":"","overlay-type":"","overlay-color":"","overlay-gradient":""},"mobile":{"background-color":"var(--ast-global-color-5)","background-image":"","background-repeat":"repeat","background-position":"center center","background-size":"auto","background-attachment":"scroll","background-type":"","background-media":"","overlay-type":"","overlay-color":"","overlay-gradient":""}},"footnotes":""},"categories":[20],"tags":[],"class_list":["post-1166","post","type-post","status-publish","format-standard","has-post-thumbnail","hentry","category-tecnologias-medicas"],"rttpg_featured_image_url":{"full":["https:\/\/ciev.ingenieria.uner.edu.ar\/wp-content\/uploads\/2025\/04\/gente-negocios-dandose-mano-saludar-scaled.jpg",2560,1633,false],"landscape":["https:\/\/ciev.ingenieria.uner.edu.ar\/wp-content\/uploads\/2025\/04\/gente-negocios-dandose-mano-saludar-scaled.jpg",2560,1633,false],"portraits":["https:\/\/ciev.ingenieria.uner.edu.ar\/wp-content\/uploads\/2025\/04\/gente-negocios-dandose-mano-saludar-scaled.jpg",2560,1633,false],"thumbnail":["https:\/\/ciev.ingenieria.uner.edu.ar\/wp-content\/uploads\/2025\/04\/gente-negocios-dandose-mano-saludar-150x150.jpg",150,150,true],"medium":["https:\/\/ciev.ingenieria.uner.edu.ar\/wp-content\/uploads\/2025\/04\/gente-negocios-dandose-mano-saludar-300x191.jpg",300,191,true],"large":["https:\/\/ciev.ingenieria.uner.edu.ar\/wp-content\/uploads\/2025\/04\/gente-negocios-dandose-mano-saludar-1024x653.jpg",1024,653,true],"1536x1536":["https:\/\/ciev.ingenieria.uner.edu.ar\/wp-content\/uploads\/2025\/04\/gente-negocios-dandose-mano-saludar-1536x980.jpg",1536,980,true],"2048x2048":["https:\/\/ciev.ingenieria.uner.edu.ar\/wp-content\/uploads\/2025\/04\/gente-negocios-dandose-mano-saludar-2048x1306.jpg",2048,1306,true],"rta_thumb_center_center_583x388":["https:\/\/ciev.ingenieria.uner.edu.ar\/wp-content\/uploads\/2025\/04\/gente-negocios-dandose-mano-saludar-583x388.jpg",583,388,true],"rta_thumb_center_center_1200x450":["https:\/\/ciev.ingenieria.uner.edu.ar\/wp-content\/uploads\/2025\/04\/gente-negocios-dandose-mano-saludar-1200x450.jpg",1200,450,true]},"rttpg_author":{"display_name":"Secretar\u00eda de Extensi\u00f3n FIUNER","author_link":"https:\/\/ciev.ingenieria.uner.edu.ar\/index.php\/author\/extension\/"},"rttpg_comment":0,"rttpg_category":"<a href=\"https:\/\/ciev.ingenieria.uner.edu.ar\/index.php\/category\/tecnologias-medicas\/\" rel=\"category tag\">Tecnolog\u00edas M\u00e9dicas<\/a>","rttpg_excerpt":"Alertas Tecnolog\u00edas M\u00e9dicas Sistema de Alertas del CiEV CONVOCATORIAS 2SEH2Bioinfo 2025 &#160; Resumen En este formulario podr\u00e1s inscribirte al Segundo Simposio de Estudiantes Hispanohablantes de Bioinform\u00e1tica y Biolog\u00eda Computacional que tendr\u00e1 lugar el 1 y 2 de Abril del 2025 en formato VIRTUAL y completamente GRATUITO. Pa\u00eds\/Instituci\u00f3n: Comunidad de Estudiantes Hispanohablantes de Bioinform\u00e1tica y Biolog\u00eda&hellip;","_links":{"self":[{"href":"https:\/\/ciev.ingenieria.uner.edu.ar\/index.php\/wp-json\/wp\/v2\/posts\/1166","targetHints":{"allow":["GET"]}}],"collection":[{"href":"https:\/\/ciev.ingenieria.uner.edu.ar\/index.php\/wp-json\/wp\/v2\/posts"}],"about":[{"href":"https:\/\/ciev.ingenieria.uner.edu.ar\/index.php\/wp-json\/wp\/v2\/types\/post"}],"author":[{"embeddable":true,"href":"https:\/\/ciev.ingenieria.uner.edu.ar\/index.php\/wp-json\/wp\/v2\/users\/3"}],"replies":[{"embeddable":true,"href":"https:\/\/ciev.ingenieria.uner.edu.ar\/index.php\/wp-json\/wp\/v2\/comments?post=1166"}],"version-history":[{"count":6,"href":"https:\/\/ciev.ingenieria.uner.edu.ar\/index.php\/wp-json\/wp\/v2\/posts\/1166\/revisions"}],"predecessor-version":[{"id":1248,"href":"https:\/\/ciev.ingenieria.uner.edu.ar\/index.php\/wp-json\/wp\/v2\/posts\/1166\/revisions\/1248"}],"wp:featuredmedia":[{"embeddable":true,"href":"https:\/\/ciev.ingenieria.uner.edu.ar\/index.php\/wp-json\/wp\/v2\/media\/1202"}],"wp:attachment":[{"href":"https:\/\/ciev.ingenieria.uner.edu.ar\/index.php\/wp-json\/wp\/v2\/media?parent=1166"}],"wp:term":[{"taxonomy":"category","embeddable":true,"href":"https:\/\/ciev.ingenieria.uner.edu.ar\/index.php\/wp-json\/wp\/v2\/categories?post=1166"},{"taxonomy":"post_tag","embeddable":true,"href":"https:\/\/ciev.ingenieria.uner.edu.ar\/index.php\/wp-json\/wp\/v2\/tags?post=1166"}],"curies":[{"name":"wp","href":"https:\/\/api.w.org\/{rel}","templated":true}]}}